{"id":2650,"date":"2015-12-03T17:52:58","date_gmt":"2015-12-03T15:52:58","guid":{"rendered":"http:\/\/www.meier-gerdingh.de\/spd-oberhausen\/wp\/?p=2650"},"modified":"2016-01-25T18:10:22","modified_gmt":"2016-01-25T16:10:22","slug":"behinderung-darf-keine-armutsfalle-sein","status":"publish","type":"post","link":"https:\/\/meier-gerdingh.de\/wp-spd-ob\/2015\/12\/03\/behinderung-darf-keine-armutsfalle-sein\/","title":{"rendered":"Behinderung darf keine Armutsfalle sein"},"content":{"rendered":"<p><em>Am heutigen &#8222;Internationalen Tag der Menschen mit Behinderungen&#8220; treten Menschen mit und ohne Behinderungen weltweit f\u00fcr Gleichberechtigung und eine inklusive Gesellschaft ein. Durch zahlreiche behindertenpolitische Initiativen unterst\u00fctzt die SPD-Bundestagsfraktion dieses Ziel. Das Bundesteilhabegesetz ist dabei das umfangreichste behindertenpolitische Vorhaben. Im kommenden Jahr soll es verabschiedet werden und 2017 in Kraft treten.<\/p>\n<p>Viel zu h\u00e4ufig sto\u00dfen Menschen mit Behinderungen im Bildungsbereich, beim Wohnen, auf dem Arbeitsmarkt und in ihrer Freizeit noch auf Barrieren. Oftmals werden sie so daran gehindert, selbstbestimmt zu leben und \u00fcberall mit dabei zu sein.<\/p>\n<p>Der SPD-Bundestagsabgeordnete f\u00fcr Oberhausen und Dinslaken Dirk V\u00f6pel erkl\u00e4rt hierzu:<\/em><\/p>\n<p>&#8222;Wir setzen uns mit aller Kraft daf\u00fcr ein, die Lebenssituation der rund zehn Millionen Menschen mit Behinderungen in Deutschland zu verbessern. Dabei ist nicht nur eine umfassende Barrierefreiheit von Bedeutung. F\u00fcr ein selbstbestimmtes Leben sind vor allem Nachteilsausgleiche und Assistenzleistungen zentral.&#8220; Eines der wichtigsten behindertenpolitischen Vorhaben dieser Wahlperiode sei deshalb die Reform der Eingliederungshilfe.<!--more--><\/p>\n<p>&#8222;Mit dem Bundesteilhabegesetz wird die Eingliederungshilfe endlich aus dem \u201aF\u00fcrsorgesystem\u2018 herausgef\u00fchrt. Damit wollen wir sp\u00fcrbare Verbesserungen bei der Einkommens- und Verm\u00f6genspr\u00fcfung umsetzen. Denn eine Behinderung darf keine Armutsfalle sein, weder f\u00fcr Menschen mit Behinderungen noch f\u00fcr ihre Familien. Menschen mit Assistenzbedarf m\u00fcssen mehr als nur 2.600 Euro ansparen d\u00fcrfen&#8220;, betont Dirk V\u00f6pel.<\/p>\n<p>Zur Bedarfsermittlung werde es zuk\u00fcnftig bundeseinheitliche Verfahren geben. Dar\u00fcber hinaus w\u00fcrden die Personenzentrierung und das Wunsch- und Wahlrecht von Menschen mit Behinderungen gest\u00e4rkt und ein tr\u00e4gerunabh\u00e4ngiges Beratungsangebot geschaffen.<\/p>\n<p>&#8222;Das Bundesteilhabegesetz soll Menschen mit Behinderungen au\u00dferdem mehr Chancen auf dem ersten Arbeitsmarkt er\u00f6ffnen. Mit der fl\u00e4chendeckenden Einf\u00fchrung des Budgets f\u00fcr Arbeit werden wir den \u00dcbergang zwischen Werkst\u00e4tten f\u00fcr behinderte Menschen und dem ersten Arbeitsmarkt flexibler gestalten&#8220;, so der SPD-Bundestagsabgeordnete.<\/p>\n","protected":false},"excerpt":{"rendered":"<p>Am heutigen &#8222;Internationalen Tag der Menschen mit Behinderungen&#8220; treten Menschen mit und ohne Behinderungen weltweit f\u00fcr Gleichberechtigung und eine inklusive Gesellschaft ein. Durch zahlreiche behindertenpolitische Initiativen unterst\u00fctzt die SPD-Bundestagsfraktion dieses&hellip; <\/p>\n","protected":false},"author":1,"featured_media":0,"comment_status":"closed","ping_status":"closed","sticky":false,"template":"","format":"standard","meta":{"footnotes":""},"categories":[589],"tags":[18,399,400,595,361],"quellen":[330],"class_list":["post-2650","post","type-post","status-publish","format-standard","hentry","category-inklusion","tag-arbeitsmarkt","tag-barrierefreiheit","tag-bundesteilhabegesetz","tag-eingliederungshilfe","tag-menschen-mit-behinderungen","quellen-mdb-dirk-voepel"],"_links":{"self":[{"href":"https:\/\/meier-gerdingh.de\/wp-spd-ob\/wp-json\/wp\/v2\/posts\/2650","targetHints":{"allow":["GET"]}}],"collection":[{"href":"https:\/\/meier-gerdingh.de\/wp-spd-ob\/wp-json\/wp\/v2\/posts"}],"about":[{"href":"https:\/\/meier-gerdingh.de\/wp-spd-ob\/wp-json\/wp\/v2\/types\/post"}],"author":[{"embeddable":true,"href":"https:\/\/meier-gerdingh.de\/wp-spd-ob\/wp-json\/wp\/v2\/users\/1"}],"replies":[{"embeddable":true,"href":"https:\/\/meier-gerdingh.de\/wp-spd-ob\/wp-json\/wp\/v2\/comments?post=2650"}],"version-history":[{"count":0,"href":"https:\/\/meier-gerdingh.de\/wp-spd-ob\/wp-json\/wp\/v2\/posts\/2650\/revisions"}],"wp:attachment":[{"href":"https:\/\/meier-gerdingh.de\/wp-spd-ob\/wp-json\/wp\/v2\/media?parent=2650"}],"wp:term":[{"taxonomy":"category","embeddable":true,"href":"https:\/\/meier-gerdingh.de\/wp-spd-ob\/wp-json\/wp\/v2\/categories?post=2650"},{"taxonomy":"post_tag","embeddable":true,"href":"https:\/\/meier-gerdingh.de\/wp-spd-ob\/wp-json\/wp\/v2\/tags?post=2650"},{"taxonomy":"quellen","embeddable":true,"href":"https:\/\/meier-gerdingh.de\/wp-spd-ob\/wp-json\/wp\/v2\/quellen?post=2650"}],"curies":[{"name":"wp","href":"https:\/\/api.w.org\/{rel}","templated":true}]}}