{"id":2652,"date":"2015-12-05T17:59:44","date_gmt":"2015-12-05T15:59:44","guid":{"rendered":"http:\/\/www.meier-gerdingh.de\/spd-oberhausen\/wp\/?p=2652"},"modified":"2016-01-25T18:09:56","modified_gmt":"2016-01-25T16:09:56","slug":"buergerschaftliches-engagement-ist-unbezahlbar","status":"publish","type":"post","link":"https:\/\/meier-gerdingh.de\/wp-spd-ob\/2015\/12\/05\/buergerschaftliches-engagement-ist-unbezahlbar\/","title":{"rendered":"&#8222;B\u00fcrgerschaftliches Engagement ist unbezahlbar&#8220;"},"content":{"rendered":"<p><a href=\"http:\/\/meier-gerdingh.de\/wp-spd-ob\/wp-content\/uploads\/banner_internationaler_tag_ehrenamt_2015.png\" rel=\"attachment wp-att-2620\"><img decoding=\"async\" src=\"http:\/\/meier-gerdingh.de\/wp-spd-ob\/wp-content\/uploads\/banner_internationaler_tag_ehrenamt_2015.png\" alt=\"banner_internationaler_tag_ehrenamt_2015\" width=\"600\" height=\"181\" class=\"aligncenter size-full wp-image-2620\" srcset=\"https:\/\/meier-gerdingh.de\/wp-spd-ob\/wp-content\/uploads\/banner_internationaler_tag_ehrenamt_2015.png 600w, https:\/\/meier-gerdingh.de\/wp-spd-ob\/wp-content\/uploads\/banner_internationaler_tag_ehrenamt_2015-300x91.png 300w\" sizes=\"(max-width: 600px) 100vw, 600px\" \/><\/a><em>Bereits zum 30. Mal wird in diesem Jahr am 5. Dezember der Internationale Tag des Ehrenamtes gefeiert. 1985 von den Vereinten Nationen ausgerufen, bietet der Tag einen willkommenen Anlass, auf die Bedeutung des b\u00fcrgerschaftlichen Engagements hinzuweisen und denjenigen zu danken, die sich in unserer Gesellschaft f\u00fcr Andere engagieren.<\/em><\/p>\n<p>&#8222;Allein in Deutschland geh\u00f6rt freiwilliges Engagement f\u00fcr \u00fcber 23 Millionen Menschen wie selbstverst\u00e4ndlich zu ihrem Leben&#8220;, sagt Dirk V\u00f6pel, Bundestagsabgeordneter f\u00fcr Oberhausen und Dinslaken. &#8222;Ohne sie w\u00e4re unsere Gesellschaft weniger lebenswert. Das mitmenschliche Wirken und der soziale Beitrag der Engagierten sind aller Ehren wert und verdienen Respekt und W\u00fcrdigung.&#8220;<!--more--><\/p>\n<p>Noch nie seit Gr\u00fcndung der Bundesrepublik Deutschland haben sich so viele Menschen b\u00fcrgerschaftlich engagiert. Jeder dritte Deutsche \u00fcber 14 Jahre \u00fcbt ein Ehrenamt aus. Kinder in Trennungssituationen begleiten, dementen Menschen helfen oder Jugendliche im Sportverein oder beim Berufsstart unterst\u00fctzen: Gemeinsam bewegen Ehrenamtliche viel und st\u00e4rken damit den gesellschaftlichen Zusammenhalt.<\/p>\n<p>Gerade in diesem Jahr haben wir erlebt, wie Politik und Verwaltung angesichts der stark gestiegenen Fl\u00fcchtlingszahlen vielfach darauf angewiesen sind, dass b\u00fcrgerschaftliches Engagement kurzfristig zustande kommt. Doch trotz seiner Unverzichtbarkeit l\u00e4sst sich das Engagement vom Staat weder erzwingen noch erkaufen. Denn zu seinem Wesen geh\u00f6rt, dass es freiwillig und selbstbestimmt geschieht. &#8222;Als einen L\u00fcckenb\u00fc\u00dfer f\u00fcr staatliche Aufgaben d\u00fcrfen wir das Engagement nicht begreifen&#8220;, so MdB Dirk V\u00f6pel.<\/p>\n<p>Zahlreiche B\u00fcrgerinnen und B\u00fcrger bringen ohne zu z\u00f6gern einen betr\u00e4chtlichen Teil ihrer Zeit, Kraft und Geld dabei ein. Freiwillige Helferinnen und Helfer haben daf\u00fcr gesorgt, dass Menschen, die vor Krieg, Terror und Vertreibung fl\u00fcchten m\u00fcssen, mit Hilfsbereitschaft und Mitgef\u00fchl empfangen werden.<\/p>\n<p>Angesichts dieser beeindruckenden Leistungen und der anhaltenden Herausforderungen muss die Politik zus\u00e4tzliche Unterst\u00fctzung leisten und die Koordination von b\u00fcrgerschaftlichem Engagement verbessern. &#8222;Wir d\u00fcrfen die Ehrenamtlichen nicht h\u00e4ngen lassen&#8220;, meint V\u00f6pel.<\/p>\n<p>Mit der Bereitstellung von 10.000 zus\u00e4tzlichen Stellen im Bundesfreiwilligendienst mit Fl\u00fcchtlingsbezug (BFD) hat Familienministerin Manuela Schwesig bereits reagiert. Zudem ben\u00f6tigt das Ehrenamt kompetente Ansprechpartner und hauptamtliche Koordinatoren, um die Engagementstrukturen zu verstetigen.<\/p>\n<p>Die k\u00fcrzlich beschlossene Finanzierung solcher Koordinatorenstellen \u00fcber den Haushalt der Integrationsbeauftragten Aydan \u00d6zoguz ist daher der richtige Weg. &#8222;Jeder Cent, den wir hier bereitstellen, hilft uns, das Engagement nachhaltig zu st\u00e4rken&#8220;, ist sich Dirk V\u00f6pel sicher.<\/p>\n","protected":false},"excerpt":{"rendered":"<p>Bereits zum 30. Mal wird in diesem Jahr am 5. Dezember der Internationale Tag des Ehrenamtes gefeiert. 1985 von den Vereinten Nationen ausgerufen, bietet der Tag einen willkommenen Anlass, auf&hellip; <\/p>\n","protected":false},"author":1,"featured_media":0,"comment_status":"closed","ping_status":"closed","sticky":false,"template":"","format":"standard","meta":{"footnotes":""},"categories":[596],"tags":[598,588,597],"quellen":[330],"class_list":["post-2652","post","type-post","status-publish","format-standard","hentry","category-ehrenamtliches-engagement","tag-buergerschaftliches-engagement","tag-ehrenamt","tag-internationaler-tag-des-ehrenamtes","quellen-mdb-dirk-voepel"],"_links":{"self":[{"href":"https:\/\/meier-gerdingh.de\/wp-spd-ob\/wp-json\/wp\/v2\/posts\/2652","targetHints":{"allow":["GET"]}}],"collection":[{"href":"https:\/\/meier-gerdingh.de\/wp-spd-ob\/wp-json\/wp\/v2\/posts"}],"about":[{"href":"https:\/\/meier-gerdingh.de\/wp-spd-ob\/wp-json\/wp\/v2\/types\/post"}],"author":[{"embeddable":true,"href":"https:\/\/meier-gerdingh.de\/wp-spd-ob\/wp-json\/wp\/v2\/users\/1"}],"replies":[{"embeddable":true,"href":"https:\/\/meier-gerdingh.de\/wp-spd-ob\/wp-json\/wp\/v2\/comments?post=2652"}],"version-history":[{"count":0,"href":"https:\/\/meier-gerdingh.de\/wp-spd-ob\/wp-json\/wp\/v2\/posts\/2652\/revisions"}],"wp:attachment":[{"href":"https:\/\/meier-gerdingh.de\/wp-spd-ob\/wp-json\/wp\/v2\/media?parent=2652"}],"wp:term":[{"taxonomy":"category","embeddable":true,"href":"https:\/\/meier-gerdingh.de\/wp-spd-ob\/wp-json\/wp\/v2\/categories?post=2652"},{"taxonomy":"post_tag","embeddable":true,"href":"https:\/\/meier-gerdingh.de\/wp-spd-ob\/wp-json\/wp\/v2\/tags?post=2652"},{"taxonomy":"quellen","embeddable":true,"href":"https:\/\/meier-gerdingh.de\/wp-spd-ob\/wp-json\/wp\/v2\/quellen?post=2652"}],"curies":[{"name":"wp","href":"https:\/\/api.w.org\/{rel}","templated":true}]}}