{"id":2653,"date":"2015-12-08T18:10:25","date_gmt":"2015-12-08T16:10:25","guid":{"rendered":"http:\/\/www.meier-gerdingh.de\/spd-oberhausen\/wp\/?p=2653"},"modified":"2016-12-27T14:43:17","modified_gmt":"2016-12-27T13:43:17","slug":"nrw-erhoeht-mittel-fuer-die-versorgung-der-fluechtlinge","status":"publish","type":"post","link":"https:\/\/meier-gerdingh.de\/wp-spd-ob\/2015\/12\/08\/nrw-erhoeht-mittel-fuer-die-versorgung-der-fluechtlinge\/","title":{"rendered":"NRW erh\u00f6ht Mittel f\u00fcr die Versorgung der Fl\u00fcchtlinge"},"content":{"rendered":"<div id=\"attachment_1483\" style=\"width: 210px\" class=\"wp-caption alignleft\"><a href=\"http:\/\/meier-gerdingh.de\/wp-spd-ob\/wp-content\/uploads\/landtag_nrw.jpg\" rel=\"attachment wp-att-1483\"><img aria-describedby=\"caption-attachment-1483\" decoding=\"async\" class=\"size-full wp-image-1483\" src=\"http:\/\/meier-gerdingh.de\/wp-spd-ob\/wp-content\/uploads\/landtag_nrw.jpg\" alt=\"Der Landtag von Nordrhein-Westfalen\" width=\"200\" height=\"160\" \/><\/a><p id=\"caption-attachment-1483\" class=\"wp-caption-text\">Der Landtag von Nordrhein-Westfalen<\/p><\/div>\n<p><em>Oberhausen erh\u00e4lt in 2016 Mittel in H\u00f6he von 21,4 Millionen Euro f\u00fcr die Aufnahme und Betreuung der Fl\u00fcchtlinge. Diese Zahl resultiere aus den Verhandlungen zwischen dem Land und den kommunalen Spitzenverb\u00e4nden, teilen die SPD-Abgeordneten Wolfgang Gro\u00dfe Br\u00f6mer und Stefan Zimkeit mit.<\/em><\/p>\n<p>&#8222;Insgesamt stellt NRW den St\u00e4dten 1,95 Milliarden Euro zur Verf\u00fcgung&#8220;, erl\u00e4utert NRW-Finanzexperte Zimkeit die Vereinbarung. &#8222;30 Prozent dieser Summe sind Bundesmittel, die auf dem letzten Fl\u00fcchtlingsgipfel beschlossen wurden.&#8220; Oberhausen bekomme im Unterschied zu 2015 nicht mehr nur 7578 Euro pro aufgenommenen Fl\u00fcchtling, sondern 10.000 Euro. &#8222;Das ist die Summe, die zwischen Land und Kommunen vereinbart wurde&#8220;, betont Stefan Zimkeit.<!--more--><\/p>\n<p>Wichtig sei es laut Wolfgang Gro\u00dfe Br\u00f6mer, dass die Zahlung nach f\u00fcnf Monaten nicht ende. &#8222;W\u00e4hrend die Bundesmittel nur f\u00fcr diesen kurzen Zeitraum flie\u00dfen, sorgt D\u00fcsseldorf daf\u00fcr, dass bis zur tats\u00e4chlichen Anerkennung des Asylantrags gezahlt wird&#8220;, sagt der SPD-Ratsfraktionschef. &#8222;Hier springt das Land in die L\u00fccke und \u00fcbernimmt die volle Summe.&#8220; Das gelte auch f\u00fcr geduldete Fl\u00fcchtlinge, die Leistungen nach dem Asylbewerberleistungsgesetz bekommen.<\/p>\n<p>&#8222;Die Unterbringung und Versorgung der Fl\u00fcchtlinge ist eine gesamtstaatliche Aufgabe&#8220;, betont Gro\u00dfe Br\u00f6mer, &#8222;die wir nur gemeinsam bew\u00e4ltigen werden&#8220;.<\/p>\n","protected":false},"excerpt":{"rendered":"<p>Oberhausen erh\u00e4lt in 2016 Mittel in H\u00f6he von 21,4 Millionen Euro f\u00fcr die Aufnahme und Betreuung der Fl\u00fcchtlinge. Diese Zahl resultiere aus den Verhandlungen zwischen dem Land und den kommunalen&hellip; <\/p>\n","protected":false},"author":1,"featured_media":0,"comment_status":"closed","ping_status":"closed","sticky":false,"template":"","format":"standard","meta":{"footnotes":""},"categories":[216],"tags":[210,229,209,573,546,547,245],"quellen":[331,329],"class_list":["post-2653","post","type-post","status-publish","format-standard","hentry","category-land","tag-asylbewerber","tag-bundesmittel","tag-fluechtlinge","tag-fluechtlingsbetreuung","tag-fluechtlingspolitik","tag-fluechtlingsunterbringung","tag-landesmittel","quellen-mdl-stefan-zimkeit","quellen-mdl-wolfgang-grosse-broemer"],"_links":{"self":[{"href":"https:\/\/meier-gerdingh.de\/wp-spd-ob\/wp-json\/wp\/v2\/posts\/2653","targetHints":{"allow":["GET"]}}],"collection":[{"href":"https:\/\/meier-gerdingh.de\/wp-spd-ob\/wp-json\/wp\/v2\/posts"}],"about":[{"href":"https:\/\/meier-gerdingh.de\/wp-spd-ob\/wp-json\/wp\/v2\/types\/post"}],"author":[{"embeddable":true,"href":"https:\/\/meier-gerdingh.de\/wp-spd-ob\/wp-json\/wp\/v2\/users\/1"}],"replies":[{"embeddable":true,"href":"https:\/\/meier-gerdingh.de\/wp-spd-ob\/wp-json\/wp\/v2\/comments?post=2653"}],"version-history":[{"count":0,"href":"https:\/\/meier-gerdingh.de\/wp-spd-ob\/wp-json\/wp\/v2\/posts\/2653\/revisions"}],"wp:attachment":[{"href":"https:\/\/meier-gerdingh.de\/wp-spd-ob\/wp-json\/wp\/v2\/media?parent=2653"}],"wp:term":[{"taxonomy":"category","embeddable":true,"href":"https:\/\/meier-gerdingh.de\/wp-spd-ob\/wp-json\/wp\/v2\/categories?post=2653"},{"taxonomy":"post_tag","embeddable":true,"href":"https:\/\/meier-gerdingh.de\/wp-spd-ob\/wp-json\/wp\/v2\/tags?post=2653"},{"taxonomy":"quellen","embeddable":true,"href":"https:\/\/meier-gerdingh.de\/wp-spd-ob\/wp-json\/wp\/v2\/quellen?post=2653"}],"curies":[{"name":"wp","href":"https:\/\/api.w.org\/{rel}","templated":true}]}}