{"id":2655,"date":"2015-12-15T18:16:54","date_gmt":"2015-12-15T16:16:54","guid":{"rendered":"http:\/\/www.meier-gerdingh.de\/spd-oberhausen\/wp\/?p=2655"},"modified":"2016-01-25T18:27:05","modified_gmt":"2016-01-25T16:27:05","slug":"spd-bundestagsfraktion-legt-halbzeitbilanz-vor","status":"publish","type":"post","link":"https:\/\/meier-gerdingh.de\/wp-spd-ob\/2015\/12\/15\/spd-bundestagsfraktion-legt-halbzeitbilanz-vor\/","title":{"rendered":"SPD-Bundestagsfraktion legt Halbzeitbilanz vor"},"content":{"rendered":"<p><a href=\"http:\/\/meier-gerdingh.de\/wp-spd-ob\/wp-content\/uploads\/gesagt-getan-gerecht-halbzeitbilanz-2015-web.pdf\" rel=\"attachment wp-att-2619\"><img decoding=\"async\" src=\"http:\/\/meier-gerdingh.de\/wp-spd-ob\/wp-content\/uploads\/banner_halbzeitbilanz_bt_fraktion_2015.jpg\" alt=\"banner_halbzeitbilanz_bt_fraktion_2015\" width=\"600\" height=\"300\" class=\"aligncenter size-full wp-image-2619\" srcset=\"https:\/\/meier-gerdingh.de\/wp-spd-ob\/wp-content\/uploads\/banner_halbzeitbilanz_bt_fraktion_2015.jpg 600w, https:\/\/meier-gerdingh.de\/wp-spd-ob\/wp-content\/uploads\/banner_halbzeitbilanz_bt_fraktion_2015-300x150.jpg 300w\" sizes=\"(max-width: 600px) 100vw, 600px\" \/><\/a>Die SPD-Bundestagsfraktion legt ihre Halbzeitbilanz vor. Und die kann sich sehen lassen, denn seit zwei Jahren pr\u00e4gen die Sozialdemokratinnen und Sozialdemokraten die Koalition. So wurden der Mindestlohn, die Frauenquote, das ElterngeldPlus, mehr BAf\u00f6G, mehr Kindergeld, mehr Kitapl\u00e4tze und viele weitere Verbesserungen f\u00fcr die Menschen in unserem Land beschlossen.<\/p>\n<p>Die Bilanz (PDF, Brosch\u00fcre\/A5, 80 Seiten, Dezember 2015) k\u00f6nnen Sie hier herunterladen:<\/p>\n<p><a href=\"http:\/\/meier-gerdingh.de\/wp-spd-ob\/wp-content\/uploads\/gesagt-getan-gerecht-halbzeitbilanz-2015-web.pdf\" target=\"_blank\">Gesagt. Getan. Gerecht.<\/a><\/p>\n","protected":false},"excerpt":{"rendered":"<p>Die SPD-Bundestagsfraktion legt ihre Halbzeitbilanz vor. Und die kann sich sehen lassen, denn seit zwei Jahren pr\u00e4gen die Sozialdemokratinnen und Sozialdemokraten die Koalition. So wurden der Mindestlohn, die Frauenquote, das&hellip; <\/p>\n","protected":false},"author":1,"featured_media":0,"comment_status":"closed","ping_status":"closed","sticky":false,"template":"","format":"standard","meta":{"footnotes":""},"categories":[180],"tags":[600,601],"quellen":[330],"class_list":["post-2655","post","type-post","status-publish","format-standard","hentry","category-bund","tag-gesagt-getan-gerecht","tag-leistungsbilanz-der-spd-bundestagsfraktion","quellen-mdb-dirk-voepel"],"_links":{"self":[{"href":"https:\/\/meier-gerdingh.de\/wp-spd-ob\/wp-json\/wp\/v2\/posts\/2655","targetHints":{"allow":["GET"]}}],"collection":[{"href":"https:\/\/meier-gerdingh.de\/wp-spd-ob\/wp-json\/wp\/v2\/posts"}],"about":[{"href":"https:\/\/meier-gerdingh.de\/wp-spd-ob\/wp-json\/wp\/v2\/types\/post"}],"author":[{"embeddable":true,"href":"https:\/\/meier-gerdingh.de\/wp-spd-ob\/wp-json\/wp\/v2\/users\/1"}],"replies":[{"embeddable":true,"href":"https:\/\/meier-gerdingh.de\/wp-spd-ob\/wp-json\/wp\/v2\/comments?post=2655"}],"version-history":[{"count":0,"href":"https:\/\/meier-gerdingh.de\/wp-spd-ob\/wp-json\/wp\/v2\/posts\/2655\/revisions"}],"wp:attachment":[{"href":"https:\/\/meier-gerdingh.de\/wp-spd-ob\/wp-json\/wp\/v2\/media?parent=2655"}],"wp:term":[{"taxonomy":"category","embeddable":true,"href":"https:\/\/meier-gerdingh.de\/wp-spd-ob\/wp-json\/wp\/v2\/categories?post=2655"},{"taxonomy":"post_tag","embeddable":true,"href":"https:\/\/meier-gerdingh.de\/wp-spd-ob\/wp-json\/wp\/v2\/tags?post=2655"},{"taxonomy":"quellen","embeddable":true,"href":"https:\/\/meier-gerdingh.de\/wp-spd-ob\/wp-json\/wp\/v2\/quellen?post=2655"}],"curies":[{"name":"wp","href":"https:\/\/api.w.org\/{rel}","templated":true}]}}