{"id":2657,"date":"2015-12-17T18:30:35","date_gmt":"2015-12-17T16:30:35","guid":{"rendered":"http:\/\/www.meier-gerdingh.de\/spd-oberhausen\/wp\/?p=2657"},"modified":"2016-12-27T14:44:23","modified_gmt":"2016-12-27T13:44:23","slug":"14-millionen-nrw-foerdermittel-fuer-hdo-und-gartendom","status":"publish","type":"post","link":"https:\/\/meier-gerdingh.de\/wp-spd-ob\/2015\/12\/17\/14-millionen-nrw-foerdermittel-fuer-hdo-und-gartendom\/","title":{"rendered":"14 Millionen NRW-F\u00f6rdermittel f\u00fcr HDO und Gartendom"},"content":{"rendered":"<div id=\"attachment_1334\" style=\"width: 210px\" class=\"wp-caption alignleft\"><a href=\"http:\/\/meier-gerdingh.de\/wp-spd-ob\/wp-content\/uploads\/dome_osterfeld.jpg\" rel=\"attachment wp-att-1334\"><img aria-describedby=\"caption-attachment-1334\" decoding=\"async\" class=\"size-full wp-image-1334\" src=\"http:\/\/meier-gerdingh.de\/wp-spd-ob\/wp-content\/uploads\/dome_osterfeld.jpg\" alt=\"Endlich eine neue Nutzung f\u00fcr den Osterfelder Gartendom und das HDO-Geb\u00e4ude\" width=\"200\" height=\"145\" \/><\/a><p id=\"caption-attachment-1334\" class=\"wp-caption-text\">Endlich eine neue Nutzung f\u00fcr den Osterfelder Gartendom und das ehemalige HDO-Geb\u00e4ude<\/p><\/div>\n<p>Die Abgeordneten Wolfgang Gro\u00dfe Br\u00f6mer und Stefan Zimkeit teilen mit, dass das Land die Einrichtung eines Ausbildungszentrums in HDO und Gartendom mit \u00fcber 14 Millionen Euro f\u00f6rdern wird. &#8222;Der entsprechende F\u00f6rderbescheid liegt nun vor und wird von Wirtschaftsminister Garrelt Duin und Bauminister Mike Groschek im Januar offiziell \u00fcbergeben&#8220;, freut sich Wolfgang Gro\u00dfe Br\u00f6mer.<!--more--><\/p>\n<p>Stefan Zimkeit unterstreicht: &#8222;Diese Ausbildungseinrichtung der Bauindustrie ist eine wichtige Investition f\u00fcr Osterfeld.&#8220; Damit sei eine zukunftsorientierte Nutzung f\u00fcr die von der OGM erworbene Immobilie gew\u00e4hrleistet. &#8222;Es war richtig, die Problemimmobilien HDO und Dom zu erwerben. Bei der Abw\u00e4gung der Chancen und Risiken haben wir die Entwicklung des Stadtteils sehr genau in den Blick genommen&#8220;, so Zimkeit. &#8222;Jetzt haben wir mit dem Verband der Bauindustrie einen zuverl\u00e4ssigen Investor gefunden, an den die Geb\u00e4ude nun ver\u00e4u\u00dfert werden.&#8220;<\/p>\n","protected":false},"excerpt":{"rendered":"<p>Die Abgeordneten Wolfgang Gro\u00dfe Br\u00f6mer und Stefan Zimkeit teilen mit, dass das Land die Einrichtung eines Ausbildungszentrums in HDO und Gartendom mit \u00fcber 14 Millionen Euro f\u00f6rdern wird. &#8222;Der entsprechende&hellip; <\/p>\n","protected":false},"author":1,"featured_media":0,"comment_status":"closed","ping_status":"closed","sticky":false,"template":"","format":"standard","meta":{"footnotes":""},"categories":[16],"tags":[608,607,606,5,67,41],"quellen":[331,329],"class_list":["post-2657","post","type-post","status-publish","format-standard","hentry","category-stadtentwicklung","tag-ausbildungszentrum-der-bauindustrie","tag-gartendom","tag-hdo","tag-landesfoerderung","tag-ogm","tag-osterfeld","quellen-mdl-stefan-zimkeit","quellen-mdl-wolfgang-grosse-broemer"],"_links":{"self":[{"href":"https:\/\/meier-gerdingh.de\/wp-spd-ob\/wp-json\/wp\/v2\/posts\/2657","targetHints":{"allow":["GET"]}}],"collection":[{"href":"https:\/\/meier-gerdingh.de\/wp-spd-ob\/wp-json\/wp\/v2\/posts"}],"about":[{"href":"https:\/\/meier-gerdingh.de\/wp-spd-ob\/wp-json\/wp\/v2\/types\/post"}],"author":[{"embeddable":true,"href":"https:\/\/meier-gerdingh.de\/wp-spd-ob\/wp-json\/wp\/v2\/users\/1"}],"replies":[{"embeddable":true,"href":"https:\/\/meier-gerdingh.de\/wp-spd-ob\/wp-json\/wp\/v2\/comments?post=2657"}],"version-history":[{"count":0,"href":"https:\/\/meier-gerdingh.de\/wp-spd-ob\/wp-json\/wp\/v2\/posts\/2657\/revisions"}],"wp:attachment":[{"href":"https:\/\/meier-gerdingh.de\/wp-spd-ob\/wp-json\/wp\/v2\/media?parent=2657"}],"wp:term":[{"taxonomy":"category","embeddable":true,"href":"https:\/\/meier-gerdingh.de\/wp-spd-ob\/wp-json\/wp\/v2\/categories?post=2657"},{"taxonomy":"post_tag","embeddable":true,"href":"https:\/\/meier-gerdingh.de\/wp-spd-ob\/wp-json\/wp\/v2\/tags?post=2657"},{"taxonomy":"quellen","embeddable":true,"href":"https:\/\/meier-gerdingh.de\/wp-spd-ob\/wp-json\/wp\/v2\/quellen?post=2657"}],"curies":[{"name":"wp","href":"https:\/\/api.w.org\/{rel}","templated":true}]}}