{"id":2659,"date":"2016-01-11T18:39:35","date_gmt":"2016-01-11T16:39:35","guid":{"rendered":"http:\/\/www.meier-gerdingh.de\/spd-oberhausen\/wp\/?p=2659"},"modified":"2016-12-27T14:46:56","modified_gmt":"2016-12-27T13:46:56","slug":"oberhausen-bekommt-26-und-27-familienzentrum","status":"publish","type":"post","link":"https:\/\/meier-gerdingh.de\/wp-spd-ob\/2016\/01\/11\/oberhausen-bekommt-26-und-27-familienzentrum\/","title":{"rendered":"Oberhausen bekommt 26. und 27. Familienzentrum"},"content":{"rendered":"<div id=\"attachment_1707\" style=\"width: 150px\" class=\"wp-caption alignleft\"><a href=\"http:\/\/meier-gerdingh.de\/wp-spd-ob\/wp-content\/uploads\/zimkeit_stefan_12.jpg\" rel=\"attachment wp-att-1707\"><img aria-describedby=\"caption-attachment-1707\" decoding=\"async\" class=\"size-full wp-image-1707\" src=\"http:\/\/meier-gerdingh.de\/wp-spd-ob\/wp-content\/uploads\/zimkeit_stefan_12.jpg\" alt=\"Stefan Zimkeit ist Mitglied des Landtags von Nordrhein-Westfalen und finanzpolitischer Sprecher der SPD-Landtagsfraktion\" width=\"140\" height=\"169\" \/><\/a><p id=\"caption-attachment-1707\" class=\"wp-caption-text\">Stefan Zimkeit ist Mitglied des Landtags von Nordrhein-Westfalen und finanzpolitischer Sprecher der SPD-Landtagsfraktion<\/p><\/div>\n<p>In Oberhausen werden ab dem 1. August zwei weitere Kitas zu Familienzentren aufgewertet, teilt Stefan Zimkeit eine Entscheidung der Landesregierung mit. Bislang gibt es in Oberhausen 25 solcher Eltern-Kind-Einrichtungen. &#8222;Unserer Stadt profitiert davon, dass die rot-gr\u00fcne Landtagskoalition die Zentren vorrangig in Gebieten mit einem h\u00f6heren Bildungs- und Armutsrisiko ausbaut&#8220;, erl\u00e4utert Zimkeit, der dem Familien- und Kinderausschuss des Landtags angeh\u00f6rt.<!--more--><\/p>\n<p>&#8222;NRW hat daf\u00fcr gesorgt, dass Kitas in benachteiligten Stadtteilen zus\u00e4tzliches Personal haben, um die besonderen Herausforderungen bei fr\u00fcher F\u00f6rderung und Bildung zu meistern. Familienzentren beziehen gleichzeitig die die Eltern in ihre Arbeit mit ein, bieten eine vielf\u00e4ltige Beratung und st\u00e4rken die Erziehungskompetenz.&#8220;<\/p>\n<p>Kinderg\u00e4rten in sozial benachteiligten Stadtteilen, die als Familienzentren arbeiten, erhalten laut Zimkeit pro Jahr 14.000 Euro zus\u00e4tzlich. &#8222;Welche zwei Kitas diese zus\u00e4tzlichen Aufgaben erhalten, wird jetzt vor Ort entschieden. Stadtviertel, in denen viele Kinder in Familien mit Hartz-IV-Bezug leben, m\u00fcssen fl\u00e4chendeckend mit Familienzentren ausgestattet werden&#8220;, sagt Stefan Zimkeit.<\/p>\n","protected":false},"excerpt":{"rendered":"<p>In Oberhausen werden ab dem 1. August zwei weitere Kitas zu Familienzentren aufgewertet, teilt Stefan Zimkeit eine Entscheidung der Landesregierung mit. Bislang gibt es in Oberhausen 25 solcher Eltern-Kind-Einrichtungen. &#8222;Unserer&hellip; <\/p>\n","protected":false},"author":1,"featured_media":0,"comment_status":"closed","ping_status":"closed","sticky":false,"template":"","format":"standard","meta":{"footnotes":""},"categories":[179,216],"tags":[609,605,164,604,165,5],"quellen":[331],"class_list":["post-2659","post","type-post","status-publish","format-standard","hentry","category-kinder-und-jugendliche","category-land","tag-familienzentren","tag-kindergaerten","tag-kindertageseinrichtungen","tag-kindertagesstaetten","tag-kitas","tag-landesfoerderung","quellen-mdl-stefan-zimkeit"],"_links":{"self":[{"href":"https:\/\/meier-gerdingh.de\/wp-spd-ob\/wp-json\/wp\/v2\/posts\/2659","targetHints":{"allow":["GET"]}}],"collection":[{"href":"https:\/\/meier-gerdingh.de\/wp-spd-ob\/wp-json\/wp\/v2\/posts"}],"about":[{"href":"https:\/\/meier-gerdingh.de\/wp-spd-ob\/wp-json\/wp\/v2\/types\/post"}],"author":[{"embeddable":true,"href":"https:\/\/meier-gerdingh.de\/wp-spd-ob\/wp-json\/wp\/v2\/users\/1"}],"replies":[{"embeddable":true,"href":"https:\/\/meier-gerdingh.de\/wp-spd-ob\/wp-json\/wp\/v2\/comments?post=2659"}],"version-history":[{"count":0,"href":"https:\/\/meier-gerdingh.de\/wp-spd-ob\/wp-json\/wp\/v2\/posts\/2659\/revisions"}],"wp:attachment":[{"href":"https:\/\/meier-gerdingh.de\/wp-spd-ob\/wp-json\/wp\/v2\/media?parent=2659"}],"wp:term":[{"taxonomy":"category","embeddable":true,"href":"https:\/\/meier-gerdingh.de\/wp-spd-ob\/wp-json\/wp\/v2\/categories?post=2659"},{"taxonomy":"post_tag","embeddable":true,"href":"https:\/\/meier-gerdingh.de\/wp-spd-ob\/wp-json\/wp\/v2\/tags?post=2659"},{"taxonomy":"quellen","embeddable":true,"href":"https:\/\/meier-gerdingh.de\/wp-spd-ob\/wp-json\/wp\/v2\/quellen?post=2659"}],"curies":[{"name":"wp","href":"https:\/\/api.w.org\/{rel}","templated":true}]}}