{"id":2660,"date":"2016-01-13T18:42:23","date_gmt":"2016-01-13T16:42:23","guid":{"rendered":"http:\/\/www.meier-gerdingh.de\/spd-oberhausen\/wp\/?p=2660"},"modified":"2016-12-27T14:47:11","modified_gmt":"2016-12-27T13:47:11","slug":"neues-gleichstellungsgesetz-fuer-behinderte-menschen-auf-den-weg-gebracht","status":"publish","type":"post","link":"https:\/\/meier-gerdingh.de\/wp-spd-ob\/2016\/01\/13\/neues-gleichstellungsgesetz-fuer-behinderte-menschen-auf-den-weg-gebracht\/","title":{"rendered":"Neues Gleichstellungsgesetz f\u00fcr behinderte Menschen auf den Weg gebracht"},"content":{"rendered":"<div id=\"attachment_1681\" style=\"width: 150px\" class=\"wp-caption alignleft\"><a href=\"http:\/\/meier-gerdingh.de\/wp-spd-ob\/wp-content\/uploads\/voepel_dirk_mdb.jpg\" rel=\"attachment wp-att-1681\"><img aria-describedby=\"caption-attachment-1681\" decoding=\"async\" class=\"size-full wp-image-1681\" src=\"http:\/\/meier-gerdingh.de\/wp-spd-ob\/wp-content\/uploads\/voepel_dirk_mdb.jpg\" alt=\"Dirk V\u00f6pel ist der direkt gew\u00e4hlte Bundestagsabgeordnete f\u00fcr Oberhausen und Dinslaken\" width=\"140\" height=\"180\" \/><\/a><p id=\"caption-attachment-1681\" class=\"wp-caption-text\">Dirk V\u00f6pel ist der direkt gew\u00e4hlte Bundestagsabgeordnete f\u00fcr Oberhausen und Dinslaken<\/p><\/div>\n<p><em>Die Bundesregierung hat in ihrer heutigen Kabinettssitzung die Reform des Behindertengleichstellungsgesetzes (BGG) beschlossen. Die geplanten Neuerungen orientieren sich an der UN-Behindertenrechtskonvention. Sie werden die gleichberechtigte Teilhabe der rund zehn Millionen Menschen mit am gesellschaftlichen Leben in Deutschland weiter voranbringen. Dirk V\u00f6pel, Bundestagsabgeordneter f\u00fcr Oberhausen und Dinslaken, erkl\u00e4rt dazu:<\/em><\/p>\n<p>&#8222;Ich freue mich, dass durch die Gesetzesreform endlich klargestellt wird, dass Behinderungen nicht per se einer Person anhaften, sondern oft erst durch Barrieren in der Umwelt entstehen. Folgerichtig zielt die Reform des Behindertengleichstellungsgesetzes (BGG) vor allem darauf ab, bauliche und kommunikative Barrieren innerhalb der Bundesverwaltung zu beseitigen.&#8220;<!--more--><\/p>\n<p>Durch das neue BGG werde die Vielfalt der Kommunikationsformen gest\u00e4rkt, die Menschen mit Behinderungen nutzen. &#8222;Eine gro\u00dfe Errungenschaft ist der Rechtsanspruch auf \u201aLeichte Sprache\u2018 und verst\u00e4ndliche Information, der vor allem Menschen mit Lernschwierigkeiten zugutekommt&#8220;, betont Dirk V\u00f6pel.<\/p>\n<p>Barrieren im baulichen Bereich w\u00fcrden zuk\u00fcnftig nicht nur beim Neubau vermieden, sondern sollen nun auch in Bestandsbauten angegangen werden. Dabei werde eine neu einzurichtende Bundesfachstelle f\u00fcr Barrierefreiheit die Verwaltung, die Wirtschaft und die Zivilgesellschaft bei Fragen zum Abbau von Barrieren beraten und unterst\u00fctzen.<\/p>\n<p>&#8222;Das neue BGG erkennt die besondere Situation einer Benachteiligung aus mehreren Gr\u00fcnden, wie beispielsweise Behinderung und Geschlecht, an. Insbesondere Frauen mit Behinderungen, die leider oft mehrfache Diskriminierung erfahren, profitieren davon&#8220;, erl\u00e4utert der SPD-Abgeordnete.<\/p>\n<p>Die Wirksamkeit des BGG solle durch eine neue, bei der Behindertenbeauftragten der Bundesregierung angesiedelten, Schlichtungsstelle erh\u00f6ht werden. Sie soll es Menschen mit Behinderungen erm\u00f6glichen, ihre Rechte niederschwellig und zun\u00e4chst au\u00dfergerichtlich einzufordern.<\/p>\n<p>&#8222;Ich begr\u00fc\u00dfe die Weiterentwicklung des Behindertengleichstellungsgesetzes. Die SPD-Bundestagsfraktion wird sich im Sinne der UN-Behindertenrechtskonvention konstruktiv am parlamentarischen Verfahren beteiligen&#8220;, so V\u00f6pel abschlie\u00dfend.<\/p>\n","protected":false},"excerpt":{"rendered":"<p>Die Bundesregierung hat in ihrer heutigen Kabinettssitzung die Reform des Behindertengleichstellungsgesetzes (BGG) beschlossen. Die geplanten Neuerungen orientieren sich an der UN-Behindertenrechtskonvention. Sie werden die gleichberechtigte Teilhabe der rund zehn Millionen&hellip; <\/p>\n","protected":false},"author":1,"featured_media":0,"comment_status":"closed","ping_status":"closed","sticky":false,"template":"","format":"standard","meta":{"footnotes":""},"categories":[589],"tags":[610,361],"quellen":[330],"class_list":["post-2660","post","type-post","status-publish","format-standard","hentry","category-inklusion","tag-behindertengleichstellungsgesetz","tag-menschen-mit-behinderungen","quellen-mdb-dirk-voepel"],"_links":{"self":[{"href":"https:\/\/meier-gerdingh.de\/wp-spd-ob\/wp-json\/wp\/v2\/posts\/2660","targetHints":{"allow":["GET"]}}],"collection":[{"href":"https:\/\/meier-gerdingh.de\/wp-spd-ob\/wp-json\/wp\/v2\/posts"}],"about":[{"href":"https:\/\/meier-gerdingh.de\/wp-spd-ob\/wp-json\/wp\/v2\/types\/post"}],"author":[{"embeddable":true,"href":"https:\/\/meier-gerdingh.de\/wp-spd-ob\/wp-json\/wp\/v2\/users\/1"}],"replies":[{"embeddable":true,"href":"https:\/\/meier-gerdingh.de\/wp-spd-ob\/wp-json\/wp\/v2\/comments?post=2660"}],"version-history":[{"count":0,"href":"https:\/\/meier-gerdingh.de\/wp-spd-ob\/wp-json\/wp\/v2\/posts\/2660\/revisions"}],"wp:attachment":[{"href":"https:\/\/meier-gerdingh.de\/wp-spd-ob\/wp-json\/wp\/v2\/media?parent=2660"}],"wp:term":[{"taxonomy":"category","embeddable":true,"href":"https:\/\/meier-gerdingh.de\/wp-spd-ob\/wp-json\/wp\/v2\/categories?post=2660"},{"taxonomy":"post_tag","embeddable":true,"href":"https:\/\/meier-gerdingh.de\/wp-spd-ob\/wp-json\/wp\/v2\/tags?post=2660"},{"taxonomy":"quellen","embeddable":true,"href":"https:\/\/meier-gerdingh.de\/wp-spd-ob\/wp-json\/wp\/v2\/quellen?post=2660"}],"curies":[{"name":"wp","href":"https:\/\/api.w.org\/{rel}","templated":true}]}}