{"id":268,"date":"2003-07-15T16:00:00","date_gmt":"2003-07-15T14:00:00","guid":{"rendered":"http:\/\/www.meier-gerdingh.de\/spd-oberhausen\/wp\/?p=268"},"modified":"2017-05-02T17:00:20","modified_gmt":"2017-05-02T15:00:20","slug":"verfassung-fuer-europa-ist-ein-historischer-meilenstein","status":"publish","type":"post","link":"https:\/\/meier-gerdingh.de\/wp-spd-ob\/2003\/07\/15\/verfassung-fuer-europa-ist-ein-historischer-meilenstein\/","title":{"rendered":"Verfassung f\u00fcr Europa ist ein historischer Meilenstein"},"content":{"rendered":"<p><a href=\"http:\/\/meier-gerdingh.de\/wp-spd-ob\/wp-content\/uploads\/europaforum.jpg\"><img decoding=\"async\" class=\"size-full alignleft\" src=\"http:\/\/meier-gerdingh.de\/wp-spd-ob\/wp-content\/uploads\/europaforum.jpg\" alt=\"\" width=\"130\" height=\"104\" \/><\/a>Mit dem Europaabgeordneten Klaus H\u00e4nsch sowie Oberb\u00fcrgermeister Burkhard Drescher konnte SPD-Parteichef Hartmut Schmidt am Montag abend gleich zwei prominente Referenten auf dem Europa-Forum der Oberhausener SPD begr\u00fc\u00dfen. W\u00e4hrend Klaus H\u00e4nsch die Grundz\u00fcge des Entwurfs f\u00fcr eine europ\u00e4ische Verfassung vorstellte, nutzte Burkhard Drescher die Gelegenheit, um am Beispiel des O.Vision-Projektes die zentrale Bedeutung der EU-F\u00f6rderkulisse f\u00fcr die Zukunft des Strukturwandels in Oberhausen deutlich zu machen.<!--more--><\/p>\n<p>Keine Spur von &#8222;Europam\u00fcdigkeit&#8220; auf dem von Elke Kemper souver\u00e4n geleiteten Europa-Forum der Oberhausener SPD. Mehr als 80 interessierte B\u00fcrgerinnen und B\u00fcrger hatten trotz Biergartenwetter den Weg in die Luise-Albertz-Halle gefunden und erlebten einen Klaus H\u00e4nsch, der mit Sachkenntnis und Leidenschaft f\u00fcr das politische Gro\u00dfprojekt einer europ\u00e4ischen Verfassung warb: &#8222;Wenn dieses Grundgesetz der Europ\u00e4ischen Union in Kraft treten sollte, w\u00e4re dies auch ein historischer Meilenstein f\u00fcr mehr Demokratie in Europa&#8220;.<\/p>\n<p>Statt des selbst f\u00fcr Spezialisten kaum noch nachvollziehbaren Kompetenzgerangels aufgrund der Vielzahl einschl\u00e4giger europ\u00e4ischer Vertragswerke, g\u00e4be es dann in der EU erstmals klare Aufgabenzuweisungen und transparente Entscheidungsstrukturen, die jeder europ\u00e4ische B\u00fcrger in einem einzigen Verfassungsdokument nachvollziehen k\u00f6nne. Von besonderer Bedeutung sei in diesem Zusammenhang auch die beabsichtigte St\u00e4rkung der Rechte des Europ\u00e4ischen Parlaments, das zu einem echten europ\u00e4ischen Gesetzgeber aufgewertet werden soll. Mit Blick auf die Neuwahl des Europ\u00e4ischen Parlaments im Juni n\u00e4chsten Jahres m\u00fcsse den Menschen deshalb vermittelt werden: &#8222;Europawahl: Noch nie war sie so wichtig heute.&#8220;<\/p>\n<p>H\u00e4nsch, der als einziges deutsches Mitglied im Pr\u00e4sidium des Verfassungskonvents ganz ma\u00dfgeblich am Entwurf mitgearbeitet hat, betonte dar\u00fcber hinaus die un\u00fcbersehbare sozialdemokratische Handschrift der neuen Verfassung. So bekenne sich Europa erstmals nicht nur zu einer &#8222;offenen&#8220;, sondern ausdr\u00fccklich zu einer sozialen Marktwirtschaft und zum politischen Ziel der Vollbesch\u00e4ftigung. Dass die Charta der europ\u00e4ischen Grundrechte nun rechtsverbindlicher Bestandteil der Verfassung werden soll, sei ein weiterer Erfolg der europ\u00e4ischen Sozialdemokraten.<\/p>\n","protected":false},"excerpt":{"rendered":"<p>Mit dem Europaabgeordneten Klaus H\u00e4nsch sowie Oberb\u00fcrgermeister Burkhard Drescher konnte SPD-Parteichef Hartmut Schmidt am Montag abend gleich zwei prominente Referenten auf dem Europa-Forum der Oberhausener SPD begr\u00fc\u00dfen. W\u00e4hrend Klaus H\u00e4nsch&hellip; <\/p>\n","protected":false},"author":1,"featured_media":0,"comment_status":"closed","ping_status":"closed","sticky":false,"template":"","format":"standard","meta":{"footnotes":""},"categories":[1],"tags":[],"quellen":[],"class_list":["post-268","post","type-post","status-publish","format-standard","hentry","category-allgemein"],"_links":{"self":[{"href":"https:\/\/meier-gerdingh.de\/wp-spd-ob\/wp-json\/wp\/v2\/posts\/268","targetHints":{"allow":["GET"]}}],"collection":[{"href":"https:\/\/meier-gerdingh.de\/wp-spd-ob\/wp-json\/wp\/v2\/posts"}],"about":[{"href":"https:\/\/meier-gerdingh.de\/wp-spd-ob\/wp-json\/wp\/v2\/types\/post"}],"author":[{"embeddable":true,"href":"https:\/\/meier-gerdingh.de\/wp-spd-ob\/wp-json\/wp\/v2\/users\/1"}],"replies":[{"embeddable":true,"href":"https:\/\/meier-gerdingh.de\/wp-spd-ob\/wp-json\/wp\/v2\/comments?post=268"}],"version-history":[{"count":0,"href":"https:\/\/meier-gerdingh.de\/wp-spd-ob\/wp-json\/wp\/v2\/posts\/268\/revisions"}],"wp:attachment":[{"href":"https:\/\/meier-gerdingh.de\/wp-spd-ob\/wp-json\/wp\/v2\/media?parent=268"}],"wp:term":[{"taxonomy":"category","embeddable":true,"href":"https:\/\/meier-gerdingh.de\/wp-spd-ob\/wp-json\/wp\/v2\/categories?post=268"},{"taxonomy":"post_tag","embeddable":true,"href":"https:\/\/meier-gerdingh.de\/wp-spd-ob\/wp-json\/wp\/v2\/tags?post=268"},{"taxonomy":"quellen","embeddable":true,"href":"https:\/\/meier-gerdingh.de\/wp-spd-ob\/wp-json\/wp\/v2\/quellen?post=268"}],"curies":[{"name":"wp","href":"https:\/\/api.w.org\/{rel}","templated":true}]}}