{"id":27,"date":"2002-05-29T16:00:00","date_gmt":"2002-05-29T14:00:00","guid":{"rendered":"http:\/\/www.meier-gerdingh.de\/spd-oberhausen\/wp\/?p=27"},"modified":"2017-05-12T09:24:04","modified_gmt":"2017-05-12T07:24:04","slug":"spd-laedt-ein-zum-familienfest-im-kaisergarten","status":"publish","type":"post","link":"https:\/\/meier-gerdingh.de\/wp-spd-ob\/2002\/05\/29\/spd-laedt-ein-zum-familienfest-im-kaisergarten\/","title":{"rendered":"SPD l\u00e4dt ein zum Familienfest im Kaisergarten"},"content":{"rendered":"<p><a href=\"http:\/\/meier-gerdingh.de\/wp-spd-ob\/wp-content\/uploads\/familienfest2002.jpg\"><img decoding=\"async\" class=\"size-full alignleft\" src=\"http:\/\/meier-gerdingh.de\/wp-spd-ob\/wp-content\/uploads\/familienfest2002.jpg\" alt=\"\" width=\"178\" height=\"250\" \/><\/a>Am Sonntag, 14. Juli 2002, ist es wieder soweit. Ein buntes Programm wartet den ganzen Tag \u00fcber auf die kleinen und gro\u00dfen Besucher beim Familienfest der Oberhausener SPD im Kaisergarten. Seit 22 Jahren ist das Familienfest schon Tradition der \u00f6rtlichen SPD. Ab 11.00 Uhr geht es bei hoffentlich gutem Wetter los im Kaisergarten. Nach dem &#8222;B\u00fchne frei&#8220; beginnt ein fast siebenst\u00fcndiges B\u00fchnenshowprogramm, an dem sich eine Vielzahl Oberhausener Vereine und Organisationen beteiligen.<\/p>\n<p><b>Alle Oberhausener und Oberhausenerinnen sind am Sonntag, 14. Juli, von 11.00 bis 18.00 Uhr herzlich in den Kaisergarten eingeladen.<\/b><!--more--><\/p>\n<p>Geboten wird ein Programm, bei dem viele interessante sportliche, t\u00e4nzerische und musikalische Showbl\u00f6cke wieder f\u00fcr eine Menge Unterhaltung und Abwechslung sorgen werden. Auch die Informations- und Aktionsst\u00e4nde vieler Oberhausener Vereine, Verb\u00e4nde und gesellschaftlicher Gruppen, die sich mit ihren Programmen und Aufgaben vorstellen, pr\u00e4sentieren sich wieder im Kaisergarten beim traditionellen SPD &#8211; Familienfest.<\/p>\n<p>Auf der gro\u00dfen Wiese vor dem Kaisergartensee gibt es Spiel, Spa\u00df und Unterhaltung pur.<br \/>\nOb bei einer Kinderolympiade, dem Kraxeln an der Kletterwand des life Line Mobils oder beim Kistenstapeln \u00fcberall ist f\u00fcr die J\u00fcngsten wieder was los. Schminkaktionen geh\u00f6ren ebenso dazu wie ein H\u00fcpfburg oder das Seifenblasenspektakel.<\/p>\n","protected":false},"excerpt":{"rendered":"<p>Am Sonntag, 14. Juli 2002, ist es wieder soweit. Ein buntes Programm wartet den ganzen Tag \u00fcber auf die kleinen und gro\u00dfen Besucher beim Familienfest der Oberhausener SPD im Kaisergarten.&hellip; <\/p>\n","protected":false},"author":1,"featured_media":0,"comment_status":"closed","ping_status":"closed","sticky":false,"template":"","format":"standard","meta":{"footnotes":""},"categories":[1],"tags":[],"quellen":[],"class_list":["post-27","post","type-post","status-publish","format-standard","hentry","category-allgemein"],"_links":{"self":[{"href":"https:\/\/meier-gerdingh.de\/wp-spd-ob\/wp-json\/wp\/v2\/posts\/27","targetHints":{"allow":["GET"]}}],"collection":[{"href":"https:\/\/meier-gerdingh.de\/wp-spd-ob\/wp-json\/wp\/v2\/posts"}],"about":[{"href":"https:\/\/meier-gerdingh.de\/wp-spd-ob\/wp-json\/wp\/v2\/types\/post"}],"author":[{"embeddable":true,"href":"https:\/\/meier-gerdingh.de\/wp-spd-ob\/wp-json\/wp\/v2\/users\/1"}],"replies":[{"embeddable":true,"href":"https:\/\/meier-gerdingh.de\/wp-spd-ob\/wp-json\/wp\/v2\/comments?post=27"}],"version-history":[{"count":0,"href":"https:\/\/meier-gerdingh.de\/wp-spd-ob\/wp-json\/wp\/v2\/posts\/27\/revisions"}],"wp:attachment":[{"href":"https:\/\/meier-gerdingh.de\/wp-spd-ob\/wp-json\/wp\/v2\/media?parent=27"}],"wp:term":[{"taxonomy":"category","embeddable":true,"href":"https:\/\/meier-gerdingh.de\/wp-spd-ob\/wp-json\/wp\/v2\/categories?post=27"},{"taxonomy":"post_tag","embeddable":true,"href":"https:\/\/meier-gerdingh.de\/wp-spd-ob\/wp-json\/wp\/v2\/tags?post=27"},{"taxonomy":"quellen","embeddable":true,"href":"https:\/\/meier-gerdingh.de\/wp-spd-ob\/wp-json\/wp\/v2\/quellen?post=27"}],"curies":[{"name":"wp","href":"https:\/\/api.w.org\/{rel}","templated":true}]}}