{"id":271,"date":"2003-07-28T16:00:00","date_gmt":"2003-07-28T14:00:00","guid":{"rendered":"http:\/\/www.meier-gerdingh.de\/spd-oberhausen\/wp\/?p=271"},"modified":"2017-05-02T16:58:36","modified_gmt":"2017-05-02T14:58:36","slug":"tausende-besucher-wieder-beim-spd-familienfest-im-kaisergarten","status":"publish","type":"post","link":"https:\/\/meier-gerdingh.de\/wp-spd-ob\/2003\/07\/28\/tausende-besucher-wieder-beim-spd-familienfest-im-kaisergarten\/","title":{"rendered":"Tausende Besucher wieder beim SPD-Familienfest im Kaisergarten"},"content":{"rendered":"<p><a href=\"http:\/\/meier-gerdingh.de\/wp-spd-ob\/wp-content\/uploads\/sommerfest03_1.jpg\"><img decoding=\"async\" class=\"size-full alignleft\" src=\"http:\/\/meier-gerdingh.de\/wp-spd-ob\/wp-content\/uploads\/sommerfest03_1.jpg\" alt=\"\" width=\"140\" height=\"105\" \/><\/a>Am 27. Juli, wie immer am letzten Sonntag vor den Sommerferien, war es wieder soweit. Tausende Oberhausenerinnen und Oberhausener und ausw\u00e4rtige G\u00e4ste hatten jede Menge Spa\u00df und genossen ein buntes Programm aus Musik, Tanz, Unterhaltung und Information. Im 24. Jahr ist das Oberhausener Familienfest nun schon Tradition. Und das gr\u00f6\u00dfte Kompliment kam aus der Tagespresse, die die Stimmung der Besucher f\u00fcr alle Beteiligten zur Freude wiedergab: Das Fest der SPD geh\u00f6re eben zum Sommer dazu.<!--more--><\/p>\n<p>Und so war es denn auch und der Himmel zeigte sich gn\u00e4dig. Denn trotz vorhergesagten Regens fiel kein Wasser von oben herab, sondern die Sonne lachte den ganzen Tag \u00fcber &#8211; &#8222;Gl\u00fcck gehabt&#8220;, freute sich SPD Chef Hartmut Schmidt, der um 11.00 Uhr bereits viele Sommerfest-Besucher begr\u00fc\u00dfen konnte. &#8222;140 Jahre gibt es die Sozialdemokratie in diesem Jahr in Deutschland. Das ist ein Grund mehr, mit den Mitb\u00fcrgerinnen und Mitb\u00fcrgern, vielen G\u00e4sten und Teilnehmern ordentlich zu feiern&#8220;, so Schmidt in seiner Er\u00f6ffnung.<\/p>\n<p><img decoding=\"async\" style=\"margin: 0;\" src=\"http:\/\/meier-gerdingh.de\/wp-spd-ob\/fotos\/sommerfest03_2.jpg\" border=\"0\" hspace=\"25\" \/><br \/>\nDann gab Hans-Georg Po\u00df, &#8222;SPD-Sommerfest-Moderatoren-Urgestein&#8220;, auf der B\u00fchne den Startschuss f\u00fcr das siebenst\u00fcndige Showprogramm, an dem sich eine Vielzahl Oberhausener Vereine und Organisationen beteiligten. Und es zeichnete sich ab, dass wieder viele viele Oberhausenerinnen und Oberhausener am Sonntag auf den Beinen waren.<\/p>\n<p>Beim gl\u00e4nzend aufgelegten Moderator wechselten sich auf der Hauptb\u00fchne t\u00e4nzerische Darbietungen der Cheerleader und Tanzgarden, der Hipp Hopp und Video Clip Dancers mit musikalischen H\u00f6hepunkten der Gruppe Silence and Noise, den S\u00e4ngerinnen Dorothea Kr\u00fcger und Jolanta Wolters sowie dem Adriano Celentano-Double Andr\u00e9 Siddi im Kaisergarten ab.<\/p>\n<p>Die sportlich begeisterten Besucher kamen zu ihrem Recht, als die Jugendlichen des Budo-Sport Centers ihre Karatek\u00fcnste vorf\u00fchrten und die Sch\u00fctzen des Bogensportclubs ins Schwarze trafen.<\/p>\n<p><img decoding=\"async\" style=\"margin: 0;\" src=\"http:\/\/meier-gerdingh.de\/wp-spd-ob\/fotos\/sommerfest03_3.jpg\" border=\"0\" hspace=\"25\" \/><br \/>\nAber auch die Information rund um Oberhausen war Trumpf. Viele Oberhausener Vereine, Verb\u00e4nde und gesellschaftliche Gruppen, die sich mit ihren Programmen und Aufgaben vorstellten, pr\u00e4sentierten sich im Kaisergarten beim traditionellen Familienfest. Das Technische Hilfswerk, die Ruhrwerkstatt, die Caritas oder das Diakonische Werk, der B\u00fccherbus, Pro Familia oder der Mieterverein, die Falken oder die AWO waren ebenso vertreten wie die Aidshilfe, das Zentrum f\u00fcr Ausbildung und Qualifikation (ZAQ) und viele viele andere mehr.<\/p>\n<p>Auf der gro\u00dfen Wiese vor dem See im Kaisergarten gab es Sport, Spiel, Spa\u00df und Unterhaltung pur. Ob beim Kraxeln an der Kletterwand des Life Line-Mobils des CVJM oder auf der H\u00fcpfburg, \u00fcberall war f\u00fcr die J\u00fcngsten wieder was los. Die Fahrt mit der Ponykutsche oder die Schmink- und Spielaktionen des Clowns Jojo mit seinem Mobifanten geh\u00f6rten ebenso dazu wie das Seifenblasenspektakel oder das Spielmobil. Ein Flohmarkt rund um den See im Kaisergarten und das gro\u00dfe Kinderprogramm waren nur einige H\u00f6hepunkte.<\/p>\n<p><img decoding=\"async\" style=\"margin: 0;\" src=\"http:\/\/meier-gerdingh.de\/wp-spd-ob\/fotos\/sommerfest03_4.jpg\" border=\"0\" hspace=\"25\" \/><br \/>\nViele Politiker waren wieder vor Ort beim Sommerfest der Oberhausener SPD. Allen voran Harald Schartau. Der SPD-Landesvorsitzende und NRW-Minister f\u00fcr Wirtschaft und Arbeit sprach nach seiner Begr\u00fc\u00dfung bei einem Rundgang mit vielen Ausstellern und Besuchern und freute sich \u00fcber das gro\u00dfe Engagement der vielen Akteure auf der B\u00fchne und der Helferinnen und Helfer der teilnehmenden Vereine und gesellschaftlichen Gruppen. Seine Antwort auf die gro\u00dfe Resonanz der Besucher: &#8222;Mensch, ist das Klasse hier!&#8220;<\/p>\n<p>Gerhard Schr\u00f6der \u00fcbersandte die besten W\u00fcnsche zum Fest im Kaisergarten und zur 140-Jahr-Feier und bedankte sich bei allen, die mitgeholfen haben, dass das Sommerfest auch in diesem Jahr wieder so viel Anklang findet.<\/p>\n<p>Aber auch alle Oberhausener SPD-Politiker aus Bund, Land und Kommune standen zu Gespr\u00e4chen bereit. Selbstverst\u00e4ndlich auch der Bundestagsabgeordnete Wolfgang Grotthaus.<\/p>\n<p>Dass Oberb\u00fcrgermeister Burkhard Drescher und die beiden Landtagsabgeordneten Michael Groschek und Wolfgang Gro\u00dfe Br\u00f6mer auch mit dabei waren, versteht sich von selbst.<\/p>\n<p>SPD-Chef Hartmut Schmidt dankte den vielen Aktiven aus den Ortsvereinen und Arbeitsgemeinschaften &#8211; war es doch wieder ein richtig gelungenes Sommerfest. Und der beste Dank f\u00fcr die vielen Vorbereitungen sind die zufriedenen Besucherinnen und Besucher, ob gro\u00df oder klein, die jedes Jahr in den Kaisergarten str\u00f6men.<\/p>\n<p>Zum n\u00e4chsten SPD-Sommerfest, zu dem wir Sie schon heute herzlich einladen &#8211; hei\u00dft es im Juli 2004 &#8211; B\u00fchne frei &#8211; das Programm beginnt.<\/p>\n","protected":false},"excerpt":{"rendered":"<p>Am 27. Juli, wie immer am letzten Sonntag vor den Sommerferien, war es wieder soweit. Tausende Oberhausenerinnen und Oberhausener und ausw\u00e4rtige G\u00e4ste hatten jede Menge Spa\u00df und genossen ein buntes&hellip; <\/p>\n","protected":false},"author":1,"featured_media":0,"comment_status":"closed","ping_status":"closed","sticky":false,"template":"","format":"standard","meta":{"footnotes":""},"categories":[1],"tags":[],"quellen":[],"class_list":["post-271","post","type-post","status-publish","format-standard","hentry","category-allgemein"],"_links":{"self":[{"href":"https:\/\/meier-gerdingh.de\/wp-spd-ob\/wp-json\/wp\/v2\/posts\/271","targetHints":{"allow":["GET"]}}],"collection":[{"href":"https:\/\/meier-gerdingh.de\/wp-spd-ob\/wp-json\/wp\/v2\/posts"}],"about":[{"href":"https:\/\/meier-gerdingh.de\/wp-spd-ob\/wp-json\/wp\/v2\/types\/post"}],"author":[{"embeddable":true,"href":"https:\/\/meier-gerdingh.de\/wp-spd-ob\/wp-json\/wp\/v2\/users\/1"}],"replies":[{"embeddable":true,"href":"https:\/\/meier-gerdingh.de\/wp-spd-ob\/wp-json\/wp\/v2\/comments?post=271"}],"version-history":[{"count":0,"href":"https:\/\/meier-gerdingh.de\/wp-spd-ob\/wp-json\/wp\/v2\/posts\/271\/revisions"}],"wp:attachment":[{"href":"https:\/\/meier-gerdingh.de\/wp-spd-ob\/wp-json\/wp\/v2\/media?parent=271"}],"wp:term":[{"taxonomy":"category","embeddable":true,"href":"https:\/\/meier-gerdingh.de\/wp-spd-ob\/wp-json\/wp\/v2\/categories?post=271"},{"taxonomy":"post_tag","embeddable":true,"href":"https:\/\/meier-gerdingh.de\/wp-spd-ob\/wp-json\/wp\/v2\/tags?post=271"},{"taxonomy":"quellen","embeddable":true,"href":"https:\/\/meier-gerdingh.de\/wp-spd-ob\/wp-json\/wp\/v2\/quellen?post=271"}],"curies":[{"name":"wp","href":"https:\/\/api.w.org\/{rel}","templated":true}]}}