{"id":2739,"date":"2016-01-27T18:31:26","date_gmt":"2016-01-27T16:31:26","guid":{"rendered":"http:\/\/www.meier-gerdingh.de\/spd-oberhausen\/wp\/?p=2739"},"modified":"2016-12-27T14:49:16","modified_gmt":"2016-12-27T13:49:16","slug":"spd-will-umfassenden-bericht-zur-oeffentlichen-sicherheit","status":"publish","type":"post","link":"https:\/\/meier-gerdingh.de\/wp-spd-ob\/2016\/01\/27\/spd-will-umfassenden-bericht-zur-oeffentlichen-sicherheit\/","title":{"rendered":"SPD will umfassenden Bericht zur \u00d6ffentlichen Sicherheit"},"content":{"rendered":"<div id=\"attachment_1359\" style=\"width: 150px\" class=\"wp-caption alignleft\"><a href=\"http:\/\/meier-gerdingh.de\/wp-spd-ob\/wp-content\/uploads\/flore_manfred_14.jpg\" rel=\"attachment wp-att-1359\"><img aria-describedby=\"caption-attachment-1359\" decoding=\"async\" class=\"size-full wp-image-1359\" src=\"http:\/\/meier-gerdingh.de\/wp-spd-ob\/wp-content\/uploads\/flore_manfred_14.jpg\" alt=\"Manfred Flore ist umwelt- und kulturpolitischer Sprecher der SPD-Fraktion\" width=\"140\" height=\"169\" \/><\/a><p id=\"caption-attachment-1359\" class=\"wp-caption-text\">Manfred Flore ist umwelt- und kulturpolitischer Sprecher der SPD-Fraktion<\/p><\/div>\n<p><em>Die CDU Oberhausen hat das Thema \u00d6ffentliche Sicherheit wieder einmal f\u00fcr sich entdeckt. Daher wird in der n\u00e4chsten Sitzung des Umweltausschusses am 11. Februar unter anderem das Thema: &#8222;Sicherheit und Kriminalit\u00e4t in Oberhausen&#8220; diskutiert.<\/em><\/p>\n<p>&#8222;Aus unserer Sicht wird das Thema von der CDU zu einseitig betrachtet. Es reicht nicht aus, nur \u00fcber Taschendiebe und sog. &#8222;Ant\u00e4nzer&#8220; zu berichten. Insbesondere vor dem Hintergrund der leider wieder aktuellen &#8222;Rocker-Problematik&#8220; und des zuletzt ver\u00fcbten Brandanschlags auf das Fl\u00fcchtlingsheim an der Ruhrorter Stra\u00dfe wollen wir einen ausf\u00fchrlichen Bericht zur tats\u00e4chlichen Lage der \u00d6ffentlichen Sicherheit in Oberhausen,&#8220; so Manfred Flore, umweltpolitischer Sprecher der SPD-Fraktion und stellv. Vorsitzender des Polizeibeirats.<!--more--><\/p>\n<p>Aus diesem Anlass hat Manfred Flore den neuen Polizeipr\u00e4sidenten Ingolf M\u00f6hring gebeten, im Ausschuss zur aktuellen Situation zu berichten.<\/p>\n<p>&#8222;Formal muss der Ausschuss dem Polizeipr\u00e4sidenten das Rederecht einr\u00e4umen, aber wir gehen davon aus, dass dies unproblematisch sein wird. Schlie\u00dflich m\u00fcssten alle Fraktionen daran interessiert sein, die Informationen von der Polizei direkt aus erster Hand zu bekommen&#8220;, so Flore weiter.<\/p>\n","protected":false},"excerpt":{"rendered":"<p>Die CDU Oberhausen hat das Thema \u00d6ffentliche Sicherheit wieder einmal f\u00fcr sich entdeckt. Daher wird in der n\u00e4chsten Sitzung des Umweltausschusses am 11. Februar unter anderem das Thema: &#8222;Sicherheit und&hellip; <\/p>\n","protected":false},"author":1,"featured_media":0,"comment_status":"closed","ping_status":"closed","sticky":false,"template":"","format":"standard","meta":{"footnotes":""},"categories":[7],"tags":[628,6,498,629,30],"quellen":[326],"class_list":["post-2739","post","type-post","status-publish","format-standard","hentry","category-sicherheit","tag-oeffentliche-sicherheit","tag-polizei","tag-polizei-oberhausen","tag-polizeibeirat","tag-umweltausschuss","quellen-spd-fraktion-oberhausen"],"_links":{"self":[{"href":"https:\/\/meier-gerdingh.de\/wp-spd-ob\/wp-json\/wp\/v2\/posts\/2739","targetHints":{"allow":["GET"]}}],"collection":[{"href":"https:\/\/meier-gerdingh.de\/wp-spd-ob\/wp-json\/wp\/v2\/posts"}],"about":[{"href":"https:\/\/meier-gerdingh.de\/wp-spd-ob\/wp-json\/wp\/v2\/types\/post"}],"author":[{"embeddable":true,"href":"https:\/\/meier-gerdingh.de\/wp-spd-ob\/wp-json\/wp\/v2\/users\/1"}],"replies":[{"embeddable":true,"href":"https:\/\/meier-gerdingh.de\/wp-spd-ob\/wp-json\/wp\/v2\/comments?post=2739"}],"version-history":[{"count":0,"href":"https:\/\/meier-gerdingh.de\/wp-spd-ob\/wp-json\/wp\/v2\/posts\/2739\/revisions"}],"wp:attachment":[{"href":"https:\/\/meier-gerdingh.de\/wp-spd-ob\/wp-json\/wp\/v2\/media?parent=2739"}],"wp:term":[{"taxonomy":"category","embeddable":true,"href":"https:\/\/meier-gerdingh.de\/wp-spd-ob\/wp-json\/wp\/v2\/categories?post=2739"},{"taxonomy":"post_tag","embeddable":true,"href":"https:\/\/meier-gerdingh.de\/wp-spd-ob\/wp-json\/wp\/v2\/tags?post=2739"},{"taxonomy":"quellen","embeddable":true,"href":"https:\/\/meier-gerdingh.de\/wp-spd-ob\/wp-json\/wp\/v2\/quellen?post=2739"}],"curies":[{"name":"wp","href":"https:\/\/api.w.org\/{rel}","templated":true}]}}