{"id":286,"date":"2003-10-09T16:00:00","date_gmt":"2003-10-09T14:00:00","guid":{"rendered":"http:\/\/www.meier-gerdingh.de\/spd-oberhausen\/wp\/?p=286"},"modified":"2017-05-02T16:52:43","modified_gmt":"2017-05-02T14:52:43","slug":"grosse-broemer-neuer-vorsitzender-des-ausschusses-fuer-migrationsangelegenheiten","status":"publish","type":"post","link":"https:\/\/meier-gerdingh.de\/wp-spd-ob\/2003\/10\/09\/grosse-broemer-neuer-vorsitzender-des-ausschusses-fuer-migrationsangelegenheiten\/","title":{"rendered":"Gro\u00dfe Br\u00f6mer neuer Vorsitzender des Ausschusses f\u00fcr Migrationsangelegenheiten"},"content":{"rendered":"<div style=\"width: 150px\" class=\"wp-caption alignleft\"><a href=\"http:\/\/meier-gerdingh.de\/wp-spd-ob\/wp-content\/uploads\/grosse_broemer_rede.jpg\"><img decoding=\"async\" class=\"size-full\" src=\"http:\/\/meier-gerdingh.de\/wp-spd-ob\/wp-content\/uploads\/grosse_broemer_rede.jpg\" alt=\"Neuer Vorsitzender des Migrationsausschusses im Landtag von Nordrhein-Westfalen: Oberhausens SPD-Fraktionschef Wolfgang Gro\u00dfe Br\u00f6mer\" width=\"140\" height=\"186\" \/><\/a><p class=\"wp-caption-text\">Neuer Vorsitzender des Migrationsausschusses im Landtag von Nordrhein-Westfalen: Oberhausens SPD-Fraktionschef Wolfgang Gro\u00dfe Br\u00f6mer<\/p><\/div>\n<p>Wolfgang Gro\u00dfe Br\u00f6mer, Oberhausener SPD-Landtagsabgeordneter, wurde zum neuen Vorsitzenden des Ausschusses f\u00fcr Migrationsangelegenheiten des Landtages gew\u00e4hlt. Der Ausschuss, dessen stellvertretender Vorsitzender Grosse Br\u00f6mer bisher war, ist zust\u00e4ndig f\u00fcr Probleme von Einwanderern und Einwanderinnen in Nordrhein Westfalen.<!--more--><\/p>\n<p>Ich sehe meine Aufgabe darin, zu einem friedlichen Zusammenleben von Menschen unterschiedlicher Herkunft in unserem Lande beizutragen, erkl\u00e4rte der SPD-Politiker nach sein Wahl. Es gelte, in vielf\u00e4ltiger Form die Integration von Migranten und Migrantinnen in unsere Gesellschaft zu f\u00f6rdern und gleichzeitig die Mitwirkung der Betroffenen bei diesem Prozess einzufordern.<\/p>\n<p>Gro\u00dfe Br\u00f6mer glaubt, dass diese Aufgabe auch f\u00fcr Oberhausen von besonderer Bedeutung ist. Zum einen sei die Integration ausl\u00e4ndischst\u00e4mmiger Menschen auch in Oberhausen eine st\u00e4ndige Aufgabe, zum anderen g\u00e4be es in Oberhausen hierf\u00fcr aber auch eine Reihe positiver Ans\u00e4tze, von denen auf Landesebene gelernt werden k\u00f6nne.<\/p>\n<p>In diesem Zusammenhang begr\u00fc\u00dfte Grosse Br\u00f6mer die \u00dcberlegungen der Stadt, auf Vorschlag der Ausl\u00e4nderbeirats ein Integrationskonzept f\u00fcr Oberhausen zu erarbeiten. Er forderte gleichzeitig alle interessierten Gruppen in der Stadt auf, sich an der Erarbeitung des Konzeptes zu beteiligen.<\/p>\n","protected":false},"excerpt":{"rendered":"<p>Wolfgang Gro\u00dfe Br\u00f6mer, Oberhausener SPD-Landtagsabgeordneter, wurde zum neuen Vorsitzenden des Ausschusses f\u00fcr Migrationsangelegenheiten des Landtages gew\u00e4hlt. Der Ausschuss, dessen stellvertretender Vorsitzender Grosse Br\u00f6mer bisher war, ist zust\u00e4ndig f\u00fcr Probleme von&hellip; <\/p>\n","protected":false},"author":1,"featured_media":0,"comment_status":"closed","ping_status":"closed","sticky":false,"template":"","format":"standard","meta":{"footnotes":""},"categories":[1],"tags":[],"quellen":[],"class_list":["post-286","post","type-post","status-publish","format-standard","hentry","category-allgemein"],"_links":{"self":[{"href":"https:\/\/meier-gerdingh.de\/wp-spd-ob\/wp-json\/wp\/v2\/posts\/286","targetHints":{"allow":["GET"]}}],"collection":[{"href":"https:\/\/meier-gerdingh.de\/wp-spd-ob\/wp-json\/wp\/v2\/posts"}],"about":[{"href":"https:\/\/meier-gerdingh.de\/wp-spd-ob\/wp-json\/wp\/v2\/types\/post"}],"author":[{"embeddable":true,"href":"https:\/\/meier-gerdingh.de\/wp-spd-ob\/wp-json\/wp\/v2\/users\/1"}],"replies":[{"embeddable":true,"href":"https:\/\/meier-gerdingh.de\/wp-spd-ob\/wp-json\/wp\/v2\/comments?post=286"}],"version-history":[{"count":0,"href":"https:\/\/meier-gerdingh.de\/wp-spd-ob\/wp-json\/wp\/v2\/posts\/286\/revisions"}],"wp:attachment":[{"href":"https:\/\/meier-gerdingh.de\/wp-spd-ob\/wp-json\/wp\/v2\/media?parent=286"}],"wp:term":[{"taxonomy":"category","embeddable":true,"href":"https:\/\/meier-gerdingh.de\/wp-spd-ob\/wp-json\/wp\/v2\/categories?post=286"},{"taxonomy":"post_tag","embeddable":true,"href":"https:\/\/meier-gerdingh.de\/wp-spd-ob\/wp-json\/wp\/v2\/tags?post=286"},{"taxonomy":"quellen","embeddable":true,"href":"https:\/\/meier-gerdingh.de\/wp-spd-ob\/wp-json\/wp\/v2\/quellen?post=286"}],"curies":[{"name":"wp","href":"https:\/\/api.w.org\/{rel}","templated":true}]}}