{"id":287,"date":"2003-10-09T16:00:00","date_gmt":"2003-10-09T14:00:00","guid":{"rendered":"http:\/\/www.meier-gerdingh.de\/spd-oberhausen\/wp\/?p=287"},"modified":"2017-05-02T16:53:27","modified_gmt":"2017-05-02T14:53:27","slug":"gefaehrden-feuerwehr-protestaktionen-die-sicherheitslage-in-oberhausen","status":"publish","type":"post","link":"https:\/\/meier-gerdingh.de\/wp-spd-ob\/2003\/10\/09\/gefaehrden-feuerwehr-protestaktionen-die-sicherheitslage-in-oberhausen\/","title":{"rendered":"Gef\u00e4hrden Feuerwehr-Protestaktionen die Sicherheitslage in Oberhausen?"},"content":{"rendered":"<div style=\"width: 150px\" class=\"wp-caption alignleft\"><a href=\"http:\/\/meier-gerdingh.de\/wp-spd-ob\/wp-content\/uploads\/janssena.jpg\"><img decoding=\"async\" class=\"size-full\" src=\"http:\/\/meier-gerdingh.de\/wp-spd-ob\/wp-content\/uploads\/janssena.jpg\" alt=\"Anne Jan\u00dfen ist stellvertretende Vorsitzende der SPD-Fraktion\" width=\"140\" height=\"181\" \/><\/a><p class=\"wp-caption-text\">Anne Jan\u00dfen ist stellvertretende Vorsitzende der SPD-Fraktion<\/p><\/div>\n<p>Die f\u00fcr die Bereiche Sicherheit und Ordnung zust\u00e4ndige stellvertretende Vorsitzende der SPD-Ratsfraktion Anne Jan\u00dfen hat aktuell eine sogenannte &#8222;Schriftliche Anfrage&#8220; an Oberb\u00fcrgermeister Burkhard Drescher gerichtet. Hierin fragt die Sozialdemokratin ganz konkret nach, ob sich geplante bzw. bereits laufende Protestaktionen der Berufsfeuerwehr auf den anerkannt guten Sicherheitsstandard in Oberhausen auswirken.<!--more--><\/p>\n<p>Mitglieder der Berufsfeuerwehr in Oberhausen haben zuletzt mit der spektakul\u00e4ren R\u00fcckgabe von Funkmeldern zur Rufbereitschaft an Oberb\u00fcrgermeister Burkhard Drescher im Rahmen der Sitzung des Rates der Stadt am 6.\u00a0Oktober 2003 demonstriert und dar\u00fcber hinaus angek\u00fcndigt, zuk\u00fcnftig keine Brandsicherheitswachen bei Veranstaltungen im Stadtgebiet und Aufgaben der H\u00f6henrettung \u00fcbernehmen zu wollen.<\/p>\n<p>Mit diesen Aktionen wollen die Berufsbeamten der Feuerwehr ihre Forderung nach einer grundlegenden \u00c4nderung des Besoldungsrechtes unterstreichen und aktuell gegen geplante Einschnitte beim Urlaubs- und Weihnachtsgeld und einer Verl\u00e4ngerung der Arbeitszeit protestieren. Forderungen, die nicht in der unmittelbaren Entscheidungskompetenz des Rates der Stadt liegen und in wesentlichen Teilen nicht allein Beamte von Feuerwehren betreffen, sondern die vielmehr von allen m\u00f6glicherweise betroffenen Beamtengruppen bereits gegen den Landesgesetzgeber mit einer konzentrierten Aktion erhoben wurden.<\/p>\n<p>&#8222;Bei allem Verst\u00e4ndnis f\u00fcr Widerstand gegen Einkommenseinbu\u00dfen in unteren und mittleren Besoldungsgruppen&#8220;, so die stellvertretende Vorsitzende der SPD-Ratsfraktion Anne Jan\u00dfen, &#8222;kann und darf es nicht sein, dass durch Protestaktionen der anerkannt gute Sicherheitsstandard in Oberhausen in Diskussionen ger\u00e4t.&#8220; Die SPD-Politikerin erhofft sich, dass mit der Beantwortung der &#8222;Schriftlichen Anfrage&#8220; kurzfristig eine Aufkl\u00e4rung dazu erfolgen wird, dass sich B\u00fcrgerinnen und B\u00fcrger keine Sorgen \u00fcber Sicherheit in Oberhausen machen m\u00fcssen.<\/p>\n","protected":false},"excerpt":{"rendered":"<p>Die f\u00fcr die Bereiche Sicherheit und Ordnung zust\u00e4ndige stellvertretende Vorsitzende der SPD-Ratsfraktion Anne Jan\u00dfen hat aktuell eine sogenannte &#8222;Schriftliche Anfrage&#8220; an Oberb\u00fcrgermeister Burkhard Drescher gerichtet. Hierin fragt die Sozialdemokratin ganz&hellip; <\/p>\n","protected":false},"author":1,"featured_media":0,"comment_status":"closed","ping_status":"closed","sticky":false,"template":"","format":"standard","meta":{"footnotes":""},"categories":[1],"tags":[],"quellen":[],"class_list":["post-287","post","type-post","status-publish","format-standard","hentry","category-allgemein"],"_links":{"self":[{"href":"https:\/\/meier-gerdingh.de\/wp-spd-ob\/wp-json\/wp\/v2\/posts\/287","targetHints":{"allow":["GET"]}}],"collection":[{"href":"https:\/\/meier-gerdingh.de\/wp-spd-ob\/wp-json\/wp\/v2\/posts"}],"about":[{"href":"https:\/\/meier-gerdingh.de\/wp-spd-ob\/wp-json\/wp\/v2\/types\/post"}],"author":[{"embeddable":true,"href":"https:\/\/meier-gerdingh.de\/wp-spd-ob\/wp-json\/wp\/v2\/users\/1"}],"replies":[{"embeddable":true,"href":"https:\/\/meier-gerdingh.de\/wp-spd-ob\/wp-json\/wp\/v2\/comments?post=287"}],"version-history":[{"count":0,"href":"https:\/\/meier-gerdingh.de\/wp-spd-ob\/wp-json\/wp\/v2\/posts\/287\/revisions"}],"wp:attachment":[{"href":"https:\/\/meier-gerdingh.de\/wp-spd-ob\/wp-json\/wp\/v2\/media?parent=287"}],"wp:term":[{"taxonomy":"category","embeddable":true,"href":"https:\/\/meier-gerdingh.de\/wp-spd-ob\/wp-json\/wp\/v2\/categories?post=287"},{"taxonomy":"post_tag","embeddable":true,"href":"https:\/\/meier-gerdingh.de\/wp-spd-ob\/wp-json\/wp\/v2\/tags?post=287"},{"taxonomy":"quellen","embeddable":true,"href":"https:\/\/meier-gerdingh.de\/wp-spd-ob\/wp-json\/wp\/v2\/quellen?post=287"}],"curies":[{"name":"wp","href":"https:\/\/api.w.org\/{rel}","templated":true}]}}