{"id":2899,"date":"2016-01-27T13:56:25","date_gmt":"2016-01-27T11:56:25","guid":{"rendered":"http:\/\/www.meier-gerdingh.de\/spd-oberhausen\/wp\/?p=2899"},"modified":"2016-12-27T14:48:53","modified_gmt":"2016-12-27T13:48:53","slug":"foerderurkunde-fuer-dachgarten-ueberreicht","status":"publish","type":"post","link":"https:\/\/meier-gerdingh.de\/wp-spd-ob\/2016\/01\/27\/foerderurkunde-fuer-dachgarten-ueberreicht\/","title":{"rendered":"F\u00f6rderurkunde f\u00fcr Dachgarten \u00fcberreicht"},"content":{"rendered":"<p><a href=\"http:\/\/meier-gerdingh.de\/wp-spd-ob\/wp-content\/uploads\/projekte_staedtebau_28.jpg\" rel=\"attachment wp-att-2897\"><img decoding=\"async\" class=\"aligncenter size-full wp-image-2897\" src=\"http:\/\/meier-gerdingh.de\/wp-spd-ob\/wp-content\/uploads\/projekte_staedtebau_28.jpg\" alt=\"projekte_staedtebau_28\" width=\"600\" height=\"400\" srcset=\"https:\/\/meier-gerdingh.de\/wp-spd-ob\/wp-content\/uploads\/projekte_staedtebau_28.jpg 600w, https:\/\/meier-gerdingh.de\/wp-spd-ob\/wp-content\/uploads\/projekte_staedtebau_28-300x200.jpg 300w\" sizes=\"(max-width: 600px) 100vw, 600px\" \/><\/a>Was man schwarz auf wei\u00df besitzt, das kann man getrost nach Oberhausen tragen. Zwar steht die Zusage des Bundesbauministeriums bereits seit Juli fest, den Dachgarten auf dem neuen Jobcenter am Altmarkt in Oberhausen mit 2,3 Millionen Euro aus dem Programm f\u00fcr &#8222;nationale Projekte des St\u00e4dtebaus&#8220; zu f\u00f6rdern. Dennoch: Sicher ist sicher. Und deshalb lie\u00dfen es sich die die beiden Oberhausener Bundestagsabgeordneten Dirk V\u00f6pel (SPD) und B\u00e4rbel H\u00f6hn (GR\u00dcNE) sowie Planungsdezernentin Sabine Lauxen nicht nehmen, die offizielle F\u00f6rderurkunde jetzt auch h\u00f6chstpers\u00f6nlich im Berliner Ministerium abzuholen. Das Oberhausener Dachgartenprojekt war in der ersten F\u00f6rderperiode 2015 das einzige St\u00e4dtebau-Vorhaben aus dem Ruhrgebiet, das in den Genuss einer &#8222;Premium&#8220;-F\u00f6rderung kam. Die im letzten Jahr ausgew\u00e4hlten Projekte werden zwischen 2015 und 2019 mit knapp 150 Millionen Euro gef\u00f6rdert.<!--more--><\/p>\n<p>Die \u00dcberreichung der Urkunde erfolgte gestern Mittag im Rahmen der Auftaktveranstaltung f\u00fcr das neue Programmjahr 2016 der st\u00e4dtebaulichen Exzellenzinitiative. Auch f\u00fcr die diesj\u00e4hrige F\u00f6rderrunde k\u00f6nnen St\u00e4dte und Gemeinden bis zum 19. April 2016 wieder geeignete Projekte beim Bundesinstitut f\u00fcr Bau-, Stadt- und Raumforschung (BBSR) einreichen. Insgesamt stehen hierf\u00fcr dann 50 Millionen Euro zur Verf\u00fcgung.<\/p>\n","protected":false},"excerpt":{"rendered":"<p>Was man schwarz auf wei\u00df besitzt, das kann man getrost nach Oberhausen tragen. Zwar steht die Zusage des Bundesbauministeriums bereits seit Juli fest, den Dachgarten auf dem neuen Jobcenter am&hellip; <\/p>\n","protected":false},"author":1,"featured_media":0,"comment_status":"closed","ping_status":"closed","sticky":false,"template":"","format":"standard","meta":{"footnotes":""},"categories":[16],"tags":[65,543,656,655,654,657],"quellen":[330],"class_list":["post-2899","post","type-post","status-publish","format-standard","hentry","category-stadtentwicklung","tag-alt-oberhausen","tag-bundesfoerderung","tag-dachgarten","tag-jobcenter-alt-oberhausen","tag-nationale-projekte-des-staedtebaus","tag-staedtebau-projekte","quellen-mdb-dirk-voepel"],"_links":{"self":[{"href":"https:\/\/meier-gerdingh.de\/wp-spd-ob\/wp-json\/wp\/v2\/posts\/2899","targetHints":{"allow":["GET"]}}],"collection":[{"href":"https:\/\/meier-gerdingh.de\/wp-spd-ob\/wp-json\/wp\/v2\/posts"}],"about":[{"href":"https:\/\/meier-gerdingh.de\/wp-spd-ob\/wp-json\/wp\/v2\/types\/post"}],"author":[{"embeddable":true,"href":"https:\/\/meier-gerdingh.de\/wp-spd-ob\/wp-json\/wp\/v2\/users\/1"}],"replies":[{"embeddable":true,"href":"https:\/\/meier-gerdingh.de\/wp-spd-ob\/wp-json\/wp\/v2\/comments?post=2899"}],"version-history":[{"count":0,"href":"https:\/\/meier-gerdingh.de\/wp-spd-ob\/wp-json\/wp\/v2\/posts\/2899\/revisions"}],"wp:attachment":[{"href":"https:\/\/meier-gerdingh.de\/wp-spd-ob\/wp-json\/wp\/v2\/media?parent=2899"}],"wp:term":[{"taxonomy":"category","embeddable":true,"href":"https:\/\/meier-gerdingh.de\/wp-spd-ob\/wp-json\/wp\/v2\/categories?post=2899"},{"taxonomy":"post_tag","embeddable":true,"href":"https:\/\/meier-gerdingh.de\/wp-spd-ob\/wp-json\/wp\/v2\/tags?post=2899"},{"taxonomy":"quellen","embeddable":true,"href":"https:\/\/meier-gerdingh.de\/wp-spd-ob\/wp-json\/wp\/v2\/quellen?post=2899"}],"curies":[{"name":"wp","href":"https:\/\/api.w.org\/{rel}","templated":true}]}}