{"id":2900,"date":"2016-02-03T14:01:43","date_gmt":"2016-02-03T12:01:43","guid":{"rendered":"http:\/\/www.meier-gerdingh.de\/spd-oberhausen\/wp\/?p=2900"},"modified":"2016-02-03T14:02:26","modified_gmt":"2016-02-03T12:02:26","slug":"nrw-landesgruppe-der-spd-bundestagsfraktion-veroeffentlicht-ehrgeiziges-arbeitsprogramm-fuer-2016","status":"publish","type":"post","link":"https:\/\/meier-gerdingh.de\/wp-spd-ob\/2016\/02\/03\/nrw-landesgruppe-der-spd-bundestagsfraktion-veroeffentlicht-ehrgeiziges-arbeitsprogramm-fuer-2016\/","title":{"rendered":"NRW-Landesgruppe der SPD-Bundestagsfraktion ver\u00f6ffentlicht ehrgeiziges Arbeitsprogramm f\u00fcr 2016"},"content":{"rendered":"<p><a href=\"http:\/\/meier-gerdingh.de\/wp-spd-ob\/wp-content\/uploads\/grafik_nrw_landesgruppe_arbeitsprogramm_2016.jpg\" rel=\"attachment wp-att-2896\"><img decoding=\"async\" src=\"http:\/\/meier-gerdingh.de\/wp-spd-ob\/wp-content\/uploads\/grafik_nrw_landesgruppe_arbeitsprogramm_2016_600.png\" alt=\"grafik_nrw_landesgruppe_arbeitsprogramm_2016_600\" width=\"600\" height=\"424\" class=\"aligncenter size-full wp-image-2896\" srcset=\"https:\/\/meier-gerdingh.de\/wp-spd-ob\/wp-content\/uploads\/grafik_nrw_landesgruppe_arbeitsprogramm_2016_600.png 600w, https:\/\/meier-gerdingh.de\/wp-spd-ob\/wp-content\/uploads\/grafik_nrw_landesgruppe_arbeitsprogramm_2016_600-300x212.png 300w\" sizes=\"(max-width: 600px) 100vw, 600px\" \/><\/a><em>Mit einem 10-Punkte-Papier startet die NRW-Landesgruppe in der SPD-Bundestagsfraktion in das Jahr 2016. Dies teilt der Bundestagsabgeordnete Dirk V\u00f6pel mit.<\/em><\/p>\n<p>&#8222;Wir Nordrhein-Westfalen stellen die mit Abstand gr\u00f6\u00dfte Landesgruppe in der SPD-Fraktion. Selbstverst\u00e4ndlich wollen wir eine gestaltende Rolle in Berlin einnehmen. Dies machen wir mit unserem Arbeitsprogramm deutlich.&#8220; Die 10 Schwerpunktthemen erstrecken sich \u00fcber die gesamte Bandbreite der politischen Arbeit. Eine gro\u00dfe Bedeutung nehmen die Themen Integration und gesellschaftliches Zusammenleben ein. Dirk V\u00f6pel: &#8222;Die Unterbringung und Versorgung von Asylsuchenden ist eine enorme Aufgabe. Die wahre Herausforderung steht aber noch vor uns, wenn die vielen anerkannten Asylberechtigten in Bildung, Arbeit und Gesellschaft integriert werden m\u00fcssen. Wir fordern unter anderem eine Integrationsoffensive in Kitas und Ganztagsschulen.&#8220;<!--more--><\/p>\n<p>Die Landesgruppe will sich daf\u00fcr einsetzen, dass der Bund die L\u00e4nder und Kommunen noch st\u00e4rker als bisher unterst\u00fctzt. &#8222;Wir brauchen mehr Mittel f\u00fcr den sozialen Wohnungsbau und eine weitere Entlastung der St\u00e4dte und Gemeinden bei den Sozialausgaben. Dies kommt letztlich allen B\u00fcrgerinnen und B\u00fcrgern zugute&#8220;, so V\u00f6pel.<\/p>\n<p>Weitere Schwerpunkte der Landesgruppe sind die St\u00e4rkung des Wirtschafts- und Industriestandorts NRW, die Modernisierung der Verkehrsinfrastruktur und die klare Absage an Fracking.<\/p>\n<p>Dirk V\u00f6pel abschlie\u00dfend: &#8222;Mit unserem Arbeitsprogramm machen wir deutlich, dass wir die gesellschaftlichen Herausforderungen erkannt haben und in der Lage sind, Antworten darauf zu formulieren. Trotz gro\u00dfer Herausforderungen stehen Sachlichkeit und Verl\u00e4sslichkeit f\u00fcr uns an erster Stelle. Dieser Linie bleiben wir auch 2016 treu.&#8220;<\/p>\n<p>Die <strong>10 Schwerpunktthemen<\/strong> im \u00dcberblick:<\/p>\n<ol>\n<li>Integration und gesellschaftliches Zusammenleben f\u00f6rdern<\/li>\n<li>Leistungsf\u00e4hige St\u00e4dte und Gemeinden erhalten<\/li>\n<li>Wirtschafts- und Industriestandort NRW st\u00e4rken<\/li>\n<li>Erhalt und Ausbau von Verkehrswegen voranbringen<\/li>\n<li>F\u00fcr eine gerechte Finanzverteilung sorgen<\/li>\n<li>Voraussetzungen f\u00fcr Gute Arbeit schaffen<\/li>\n<li>Ein modernes Teilhaberecht entwickeln<\/li>\n<li>Energiewende vorantreiben, die Umwelt sch\u00fctzen<\/li>\n<li>Bezahlbares Wohnen und Bauen erm\u00f6glichen<\/li>\n<li>L\u00e4ndliche R\u00e4ume und Metropolregionen zusammendenken<\/li>\n<\/ol>\n<p>Das <strong>10-Punkte-Papier<\/strong> k\u00f6nnen Sie hier als pdf-Dokument herunterladen:<\/p>\n<p><a href=\"http:\/\/meier-gerdingh.de\/wp-spd-ob\/wp-content\/uploads\/schwerpunkte_nrw_landesgruppe_2016.pdf\" target=\"_blank\">10-Punkte-Papier der NRW-Landesgruppe in der SPD-Bundestagsfraktion (pdf | ca. 380 KB)<\/a><\/p>\n","protected":false},"excerpt":{"rendered":"<p>Mit einem 10-Punkte-Papier startet die NRW-Landesgruppe in der SPD-Bundestagsfraktion in das Jahr 2016. Dies teilt der Bundestagsabgeordnete Dirk V\u00f6pel mit. &#8222;Wir Nordrhein-Westfalen stellen die mit Abstand gr\u00f6\u00dfte Landesgruppe in der&hellip; <\/p>\n","protected":false},"author":1,"featured_media":0,"comment_status":"closed","ping_status":"closed","sticky":false,"template":"","format":"standard","meta":{"footnotes":""},"categories":[180,216],"tags":[575,546,455,562,658,84],"quellen":[330],"class_list":["post-2900","post","type-post","status-publish","format-standard","hentry","category-bund","category-land","tag-fluechtlingsintegration","tag-fluechtlingspolitik","tag-integration","tag-nrw","tag-nrw-landesgruppe","tag-spd-bundestagsfraktion","quellen-mdb-dirk-voepel"],"_links":{"self":[{"href":"https:\/\/meier-gerdingh.de\/wp-spd-ob\/wp-json\/wp\/v2\/posts\/2900","targetHints":{"allow":["GET"]}}],"collection":[{"href":"https:\/\/meier-gerdingh.de\/wp-spd-ob\/wp-json\/wp\/v2\/posts"}],"about":[{"href":"https:\/\/meier-gerdingh.de\/wp-spd-ob\/wp-json\/wp\/v2\/types\/post"}],"author":[{"embeddable":true,"href":"https:\/\/meier-gerdingh.de\/wp-spd-ob\/wp-json\/wp\/v2\/users\/1"}],"replies":[{"embeddable":true,"href":"https:\/\/meier-gerdingh.de\/wp-spd-ob\/wp-json\/wp\/v2\/comments?post=2900"}],"version-history":[{"count":0,"href":"https:\/\/meier-gerdingh.de\/wp-spd-ob\/wp-json\/wp\/v2\/posts\/2900\/revisions"}],"wp:attachment":[{"href":"https:\/\/meier-gerdingh.de\/wp-spd-ob\/wp-json\/wp\/v2\/media?parent=2900"}],"wp:term":[{"taxonomy":"category","embeddable":true,"href":"https:\/\/meier-gerdingh.de\/wp-spd-ob\/wp-json\/wp\/v2\/categories?post=2900"},{"taxonomy":"post_tag","embeddable":true,"href":"https:\/\/meier-gerdingh.de\/wp-spd-ob\/wp-json\/wp\/v2\/tags?post=2900"},{"taxonomy":"quellen","embeddable":true,"href":"https:\/\/meier-gerdingh.de\/wp-spd-ob\/wp-json\/wp\/v2\/quellen?post=2900"}],"curies":[{"name":"wp","href":"https:\/\/api.w.org\/{rel}","templated":true}]}}