{"id":291,"date":"2003-10-14T16:00:00","date_gmt":"2003-10-14T14:00:00","guid":{"rendered":"http:\/\/www.meier-gerdingh.de\/spd-oberhausen\/wp\/?p=291"},"modified":"2017-05-02T16:48:57","modified_gmt":"2017-05-02T14:48:57","slug":"96-prozent-fuer-burkhard-drescher","status":"publish","type":"post","link":"https:\/\/meier-gerdingh.de\/wp-spd-ob\/2003\/10\/14\/96-prozent-fuer-burkhard-drescher\/","title":{"rendered":"96 Prozent f\u00fcr Burkhard Drescher"},"content":{"rendered":"<div style=\"width: 150px\" class=\"wp-caption alignleft\"><a href=\"http:\/\/meier-gerdingh.de\/wp-spd-ob\/wp-content\/uploads\/drescher.jpg\"><img decoding=\"async\" class=\"size-full\" src=\"http:\/\/meier-gerdingh.de\/wp-spd-ob\/wp-content\/uploads\/drescher.jpg\" alt=\"96 Prozent f\u00fcr den Amtsinhaber: Oberb\u00fcrgermeister Burkhard Drescher ist 2004 wieder Spitzenkandidat der Oberhausener SPD\" width=\"140\" height=\"181\" \/><\/a><p class=\"wp-caption-text\">96 Prozent f\u00fcr den Amtsinhaber: Oberb\u00fcrgermeister Burkhard Drescher ist 2004 wieder Spitzenkandidat der Oberhausener SPD<\/p><\/div>\n<p>Auf ihrem Unterbezirksparteitag in der Luise-Albertz-Halle nominierten die Oberhausener Sozialdemokraten am gestrigen Abend die Spitzen f\u00fcr die Kommunalwahl 2004. Die Delegierten aus den Ortsvereinen und Arbeitsgemeinschaften w\u00e4hlten erwartungsgem\u00e4\u00df OB Burkhard Drescher erneut zum Spitzenkandidaten f\u00fcr die Kommunalwahl 2004. \u00dcber 96 Prozent Ja-Stimmen konnte sich Oberhausens OB freuen.<!--more--><\/p>\n<p>Drescher, der zu Beginn des Parteitages eine ausf\u00fchrliche Rede zum Strukturwandel und zu den Zielen f\u00fcr Oberhausen in den kommenden Jahren hielt, bedankte sich bei den Delegierten f\u00fcr dieses \u00fcberw\u00e4ltigende Ergebnis sowie f\u00fcr das damit verbundene gro\u00dfe Vertrauen. &#8222;Mein Ziel&#8220;, so Drescher, &#8222;ist es, auch nach der Kommunalwahl im September 2004 als Oberb\u00fcrgermeister die gro\u00dfen Herausforderungen der Stadt anzupacken.&#8220;<\/p>\n<p>Dabei bezeichnete er die Neue Mitte Oberhausen als &#8222;die Erfolgsstory des<br \/>\nRuhrgebiets&#8220; und appellierte an NRW Ministerpr\u00e4sident Peer Steinbr\u00fcck<br \/>\nund Wirtschaftsminister Harald Schartau, auch f\u00fcr &#8222;O-Vision&#8220; gr\u00fcnen Licht zu geben und sich eindeutig und unmissverst\u00e4ndlich daf\u00fcr auszusprechen, das sie O.Vision wollen. Denn es gehe, so Drescher, um Perspektiven f\u00fcr die Region und f\u00fcr die hier lebenden Menschen, um wirtschaftliche Gesundung und um neue Arbeitspl\u00e4tze. Rund 12.000 seien bereits im Strukturwandel entstanden.<\/p>\n<p>Der Chef soll bleiben, sagten die Delegierten auch zu Wolfgang Gro\u00dfe Br\u00f6mer, der den Vorsitz der SPD-Ratsfraktion weiterhin inne haben soll. Die Delegierten des Parteitages nominierten ihn mit \u00fcberw\u00e4ltigender Mehrheit. Gro\u00dfe Br\u00f6mer stellte dem Parteitag zuvor die Eckpunkte des Kommunalwahlprogramms dar: Bek\u00e4mpfung der Arbeitslosigkeit, Konsolidierung der Gemeindefinanzen und gr\u00f6\u00dfere Beteiligung der B\u00fcrgerinnen und B\u00fcrger am politischen Geschehen sind nur einige der genannten Stichworte. Das Kommunalwahlprogramm werden die Ortvereine und Stadtverordneten dann vor Ort gemeinsam mit den B\u00fcrgerinnen und B\u00fcrgern diskutieren.<\/p>\n<p>Ein klares Votum der Delegierten auch bei der Nominierung von Klaus Wehling f\u00fcr das Amt des B\u00fcrgermeisters. Auf ihn entfielen 156 Stimmen der Anwesenden. Mehr als 95 Prozent der Delegierte sprachen ihm als amtierenden B\u00fcrgermeister somit erneut das Vertrauen aus.<\/p>\n<p>&#8222;Die B\u00fcrgerinnen und B\u00fcrger sollten langfristig wissen, mit wem wir Sozialdemokraten 2004 in Oberhausen zur Kommunalwahl antreten, damit die Oberhausenerinnen und Oberhausener sich in den kommenden Monaten ein exaktes Bild unserer Politik des Strukturwandels und der sozialen<br \/>\nGerechtigkeit in schwieriger Zeit machen k\u00f6nnen&#8220;, so SPD-Vorsitzender<br \/>\nHartmut Schmidt.<\/p>\n<p>Unsere Politik mit Herz und Verstand wollen wir in den kommenden Jahren nat\u00fcrlich fortsetzen, f\u00fcgte Schmidt selbstbewusst hinzu und freute sich sichtlich \u00fcber die ausgezeichneten Wahlergebnisse der &#8222;Dreifachspitze&#8220;.<\/p>\n","protected":false},"excerpt":{"rendered":"<p>Auf ihrem Unterbezirksparteitag in der Luise-Albertz-Halle nominierten die Oberhausener Sozialdemokraten am gestrigen Abend die Spitzen f\u00fcr die Kommunalwahl 2004. Die Delegierten aus den Ortsvereinen und Arbeitsgemeinschaften w\u00e4hlten erwartungsgem\u00e4\u00df OB Burkhard&hellip; <\/p>\n","protected":false},"author":1,"featured_media":0,"comment_status":"closed","ping_status":"closed","sticky":false,"template":"","format":"standard","meta":{"footnotes":""},"categories":[1],"tags":[],"quellen":[],"class_list":["post-291","post","type-post","status-publish","format-standard","hentry","category-allgemein"],"_links":{"self":[{"href":"https:\/\/meier-gerdingh.de\/wp-spd-ob\/wp-json\/wp\/v2\/posts\/291","targetHints":{"allow":["GET"]}}],"collection":[{"href":"https:\/\/meier-gerdingh.de\/wp-spd-ob\/wp-json\/wp\/v2\/posts"}],"about":[{"href":"https:\/\/meier-gerdingh.de\/wp-spd-ob\/wp-json\/wp\/v2\/types\/post"}],"author":[{"embeddable":true,"href":"https:\/\/meier-gerdingh.de\/wp-spd-ob\/wp-json\/wp\/v2\/users\/1"}],"replies":[{"embeddable":true,"href":"https:\/\/meier-gerdingh.de\/wp-spd-ob\/wp-json\/wp\/v2\/comments?post=291"}],"version-history":[{"count":0,"href":"https:\/\/meier-gerdingh.de\/wp-spd-ob\/wp-json\/wp\/v2\/posts\/291\/revisions"}],"wp:attachment":[{"href":"https:\/\/meier-gerdingh.de\/wp-spd-ob\/wp-json\/wp\/v2\/media?parent=291"}],"wp:term":[{"taxonomy":"category","embeddable":true,"href":"https:\/\/meier-gerdingh.de\/wp-spd-ob\/wp-json\/wp\/v2\/categories?post=291"},{"taxonomy":"post_tag","embeddable":true,"href":"https:\/\/meier-gerdingh.de\/wp-spd-ob\/wp-json\/wp\/v2\/tags?post=291"},{"taxonomy":"quellen","embeddable":true,"href":"https:\/\/meier-gerdingh.de\/wp-spd-ob\/wp-json\/wp\/v2\/quellen?post=291"}],"curies":[{"name":"wp","href":"https:\/\/api.w.org\/{rel}","templated":true}]}}