{"id":292,"date":"2003-10-15T16:00:00","date_gmt":"2003-10-15T14:00:00","guid":{"rendered":"http:\/\/www.meier-gerdingh.de\/spd-oberhausen\/wp\/?p=292"},"modified":"2017-05-02T16:49:43","modified_gmt":"2017-05-02T14:49:43","slug":"betriebsbedingte-kuendigungen-nicht-mit-der-spd","status":"publish","type":"post","link":"https:\/\/meier-gerdingh.de\/wp-spd-ob\/2003\/10\/15\/betriebsbedingte-kuendigungen-nicht-mit-der-spd\/","title":{"rendered":"Betriebsbedingte K\u00fcndigungen nicht mit der SPD!"},"content":{"rendered":"<p><a href=\"http:\/\/meier-gerdingh.de\/wp-spd-ob\/wp-content\/uploads\/hartmut_schmidt.jpg\"><img decoding=\"async\" class=\"size-full alignleft\" src=\"http:\/\/meier-gerdingh.de\/wp-spd-ob\/wp-content\/uploads\/hartmut_schmidt.jpg\" alt=\"\" width=\"140\" height=\"192\" \/><\/a>Der Oberhausener SPD-Vorsitzende Hartmut Schmidt verweist vor dem Hintergrund der ver\u00f6ffentlichten Aussagen zur Finanzsituation der Stadt Oberhausen vom 15.10.2003 in der Tagespresse auf den Tarifvertrag mit der Gewerkschaft \u00d6TV aus dem Jahr 2000, der u.a. den Inhalt hat, dass bis zum Ende des Jahres 2004 betriebsbedingte K\u00fcndigungen bei der Stadtverwaltung Oberhausen ausgeschlossen sind.<!--more--><\/p>\n<p>Mit Nachdruck wird sich, so Schmidt weiter, &#8222;die SPD-Oberhausen daf\u00fcr einsetzen, dass dieser Tarifvertrag auch f\u00fcr die n\u00e4chste Legislaturperiode des Rates bis zum Jahr 2009 fortgesetzt werden kann&#8220;.<\/p>\n<p>Im Klartext: Die SPD wird keine betriebsbedingten K\u00fcndigungen zulassen.<\/p>\n<p>Dar\u00fcber hinaus macht SPD Vorsitzender Schmidt klar, &#8222;dass trotz der erheblichen Finanzmisere der Stadt Oberhausen das soziale Gef\u00fcge dieser Stadt bei der Sozialdemokratischen Partei an erster Stelle steht. Das<\/p>\n<p>bedeutet in erster Linie Sicherung und Schaffung von Arbeits- und Ausbildungspl\u00e4tzen. Dieses Anliegen und hohe Gut lassen wir uns auch nicht von \u00fcbergeordneten Stellen verbieten.&#8220;<\/p>\n<p>Wichtiger als \u00fcber K\u00fcndigungen zu spekulieren sei es, dass der Durchbruch bei der Gemeindefinanzreform jetzt nicht von der CDU blockiert werden darf.<\/p>\n","protected":false},"excerpt":{"rendered":"<p>Der Oberhausener SPD-Vorsitzende Hartmut Schmidt verweist vor dem Hintergrund der ver\u00f6ffentlichten Aussagen zur Finanzsituation der Stadt Oberhausen vom 15.10.2003 in der Tagespresse auf den Tarifvertrag mit der Gewerkschaft \u00d6TV aus&hellip; <\/p>\n","protected":false},"author":1,"featured_media":0,"comment_status":"closed","ping_status":"closed","sticky":false,"template":"","format":"standard","meta":{"footnotes":""},"categories":[1],"tags":[],"quellen":[],"class_list":["post-292","post","type-post","status-publish","format-standard","hentry","category-allgemein"],"_links":{"self":[{"href":"https:\/\/meier-gerdingh.de\/wp-spd-ob\/wp-json\/wp\/v2\/posts\/292","targetHints":{"allow":["GET"]}}],"collection":[{"href":"https:\/\/meier-gerdingh.de\/wp-spd-ob\/wp-json\/wp\/v2\/posts"}],"about":[{"href":"https:\/\/meier-gerdingh.de\/wp-spd-ob\/wp-json\/wp\/v2\/types\/post"}],"author":[{"embeddable":true,"href":"https:\/\/meier-gerdingh.de\/wp-spd-ob\/wp-json\/wp\/v2\/users\/1"}],"replies":[{"embeddable":true,"href":"https:\/\/meier-gerdingh.de\/wp-spd-ob\/wp-json\/wp\/v2\/comments?post=292"}],"version-history":[{"count":0,"href":"https:\/\/meier-gerdingh.de\/wp-spd-ob\/wp-json\/wp\/v2\/posts\/292\/revisions"}],"wp:attachment":[{"href":"https:\/\/meier-gerdingh.de\/wp-spd-ob\/wp-json\/wp\/v2\/media?parent=292"}],"wp:term":[{"taxonomy":"category","embeddable":true,"href":"https:\/\/meier-gerdingh.de\/wp-spd-ob\/wp-json\/wp\/v2\/categories?post=292"},{"taxonomy":"post_tag","embeddable":true,"href":"https:\/\/meier-gerdingh.de\/wp-spd-ob\/wp-json\/wp\/v2\/tags?post=292"},{"taxonomy":"quellen","embeddable":true,"href":"https:\/\/meier-gerdingh.de\/wp-spd-ob\/wp-json\/wp\/v2\/quellen?post=292"}],"curies":[{"name":"wp","href":"https:\/\/api.w.org\/{rel}","templated":true}]}}