{"id":293,"date":"2003-10-16T16:00:00","date_gmt":"2003-10-16T14:00:00","guid":{"rendered":"http:\/\/www.meier-gerdingh.de\/spd-oberhausen\/wp\/?p=293"},"modified":"2017-05-10T17:59:45","modified_gmt":"2017-05-10T15:59:45","slug":"auch-oberhausens-ovision-soll-realisiert-werden","status":"publish","type":"post","link":"https:\/\/meier-gerdingh.de\/wp-spd-ob\/2003\/10\/16\/auch-oberhausens-ovision-soll-realisiert-werden\/","title":{"rendered":"Auch Oberhausens O.Vision soll realisiert werden"},"content":{"rendered":"<div style=\"width: 190px\" class=\"wp-caption alignleft\"><a href=\"http:\/\/meier-gerdingh.de\/wp-spd-ob\/wp-content\/uploads\/giant_nacht.jpg\"><img decoding=\"async\" class=\"size-full\" src=\"http:\/\/meier-gerdingh.de\/wp-spd-ob\/wp-content\/uploads\/giant_nacht.jpg\" alt=\"Der \" width=\"180\" height=\"135\" \/><\/a><p class=\"wp-caption-text\">Der &#8222;Glass Giant&#8220;: Ein wichtiger Bestandteil des O.Vision-Projektes<\/p><\/div>\n<p>Hoch erfreut zeigten sich SPD-Vorsitzender Hartmut Schmidt und Fraktionsvorsitzender Wolfgang Gro\u00dfe Br\u00f6mer \u00fcber die Ank\u00fcndigung der Landesregierung, das Oberhausener Projekt O.Vision auf die Zielgerade zu f\u00fchren und neben Gasometer, Marina und Umsicht f\u00f6rdern zu wollen. &#8222;Das ist eine gute Nachricht und ich freue mich&#8220;, so Gro\u00dfe Br\u00f6mer, &#8222;dass der Chef der Staatskanzlei Wolfram Kuschke im Auftrag von NRW Ministerpr\u00e4sident Steinbr\u00fcck Gespr\u00e4che mit der Zielsetzung f\u00fchrt, O.Vision zu realisieren&#8220;.<!--more--><\/p>\n<p>Mit O.Vision k\u00f6nne nun ganz konkret, wie bei der Neuen Mitte Oberhausen, f\u00fcr alle B\u00fcrgerinnen und B\u00fcrger erfahr-und sichtbar der Strukturwandel in unserer Heimatstadt erfolgreich weitergef\u00fchrt werden.<\/p>\n<p>Das sei insbesondere f\u00fcr die junge Generation enorm wichtig, da trotz der gro\u00dfen Erfolge der letzten Jahre bei der Bew\u00e4ltigung des Strukturwandels und dem Schaffen von Tausenden neuer Arbeitspl\u00e4tze auch in den n\u00e4chsten Jahren viel zu tun bleibe, um weitere zus\u00e4tzliche Arbeits- und Ausbildungspl\u00e4tze zu realisieren, setzt der SPD Fraktionschef im Rathaus fort.<\/p>\n<p>&#8222;Mit O.Vision k\u00f6nnen wir in Oberhausen und der Region an einer guten Zukunft f\u00fcr uns und unsere Kinderweiter bauen&#8220;, f\u00fcgt Schmidt hinzu, der sich dabei ausdr\u00fccklich bei der Landesregierung f\u00fcr die erkl\u00e4rte Zielsetzung der Unterst\u00fctzung des Strukturwandels in Oberhausen auch unter schlechten finanziellen Rahmenbedingungen bedankt. Schmidt: &#8222;Die Finanzierungs- und Realisierungsaussicht des Landes NRW, parallel zu EU-Mittel, kann nicht hoch genug bewertet werden.&#8220;<\/p>\n<p>Die Landesregierung hat die F\u00f6rderung von 49 Zukunftsprojekten im Ruhrgebiet beschlossen. Daf\u00fcr stellen das Land und die EU rund 360 Millionen Euro zu gleichen Teilen bereit. Damit w\u00fcrde die Zukunftsf\u00e4higkeit des Reviers gest\u00e4rkt, gleichzeitig Tausende Arbeitspl\u00e4tze gesichert oder geschaffen, erkl\u00e4rte Ministerpr\u00e4sident Steinbr\u00fcck.<\/p>\n","protected":false},"excerpt":{"rendered":"<p>Hoch erfreut zeigten sich SPD-Vorsitzender Hartmut Schmidt und Fraktionsvorsitzender Wolfgang Gro\u00dfe Br\u00f6mer \u00fcber die Ank\u00fcndigung der Landesregierung, das Oberhausener Projekt O.Vision auf die Zielgerade zu f\u00fchren und neben Gasometer, Marina&hellip; <\/p>\n","protected":false},"author":1,"featured_media":0,"comment_status":"closed","ping_status":"closed","sticky":false,"template":"","format":"standard","meta":{"footnotes":""},"categories":[1],"tags":[],"quellen":[],"class_list":["post-293","post","type-post","status-publish","format-standard","hentry","category-allgemein"],"_links":{"self":[{"href":"https:\/\/meier-gerdingh.de\/wp-spd-ob\/wp-json\/wp\/v2\/posts\/293","targetHints":{"allow":["GET"]}}],"collection":[{"href":"https:\/\/meier-gerdingh.de\/wp-spd-ob\/wp-json\/wp\/v2\/posts"}],"about":[{"href":"https:\/\/meier-gerdingh.de\/wp-spd-ob\/wp-json\/wp\/v2\/types\/post"}],"author":[{"embeddable":true,"href":"https:\/\/meier-gerdingh.de\/wp-spd-ob\/wp-json\/wp\/v2\/users\/1"}],"replies":[{"embeddable":true,"href":"https:\/\/meier-gerdingh.de\/wp-spd-ob\/wp-json\/wp\/v2\/comments?post=293"}],"version-history":[{"count":0,"href":"https:\/\/meier-gerdingh.de\/wp-spd-ob\/wp-json\/wp\/v2\/posts\/293\/revisions"}],"wp:attachment":[{"href":"https:\/\/meier-gerdingh.de\/wp-spd-ob\/wp-json\/wp\/v2\/media?parent=293"}],"wp:term":[{"taxonomy":"category","embeddable":true,"href":"https:\/\/meier-gerdingh.de\/wp-spd-ob\/wp-json\/wp\/v2\/categories?post=293"},{"taxonomy":"post_tag","embeddable":true,"href":"https:\/\/meier-gerdingh.de\/wp-spd-ob\/wp-json\/wp\/v2\/tags?post=293"},{"taxonomy":"quellen","embeddable":true,"href":"https:\/\/meier-gerdingh.de\/wp-spd-ob\/wp-json\/wp\/v2\/quellen?post=293"}],"curies":[{"name":"wp","href":"https:\/\/api.w.org\/{rel}","templated":true}]}}