{"id":294,"date":"2003-10-21T16:00:00","date_gmt":"2003-10-21T14:00:00","guid":{"rendered":"http:\/\/www.meier-gerdingh.de\/spd-oberhausen\/wp\/?p=294"},"modified":"2017-05-10T17:59:33","modified_gmt":"2017-05-10T15:59:33","slug":"rentendebatte-just-in-time","status":"publish","type":"post","link":"https:\/\/meier-gerdingh.de\/wp-spd-ob\/2003\/10\/21\/rentendebatte-just-in-time\/","title":{"rendered":"Rentendebatte &#8222;just in time&#8220;"},"content":{"rendered":"<p><a href=\"http:\/\/meier-gerdingh.de\/wp-spd-ob\/wp-content\/uploads\/grotthaus_rede.jpg\"><img decoding=\"async\" class=\"size-full alignleft\" src=\"http:\/\/meier-gerdingh.de\/wp-spd-ob\/wp-content\/uploads\/grotthaus_rede.jpg\" alt=\"\" width=\"140\" height=\"194\" \/><\/a>Punktgenau hatte der Oberhausener SPD-Bundestagsabgeordnete Wolfgang Grotthaus den Termin des \u00f6ffentlichen &#8222;Montagsgespr\u00e4chskreises&#8220; zum Thema &#8222;Reform des Rentensystems&#8220; angesetzt. Im voll besetzten Sitzungsraum der SPD-Gesch\u00e4ftsstelle konnte er Rede und Antwort stehen zu den aktuellen Reformvorhaben der Bundesregierung, die seit dem Wochenanfang die Gem\u00fcter der Menschen bewegen.<!--more--><\/p>\n<p>Nur grundlegende Reformen &#8211; so Grotthaus &#8211; k\u00f6nnen die Probleme schultern, die es f\u00fcr die Zukunft der Bundesrepublik zu l\u00f6sen gilt. Als Ursachen f\u00fchrt Grotthaus folgende Bereiche an:<br \/>\n&#8211; das fehlende Wirtschaftswachstum und die daraus folgende hohe Arbeitslosigkeit,<br \/>\n&#8211; die fatale demografische Entwicklung nach der immer weniger Menschen im Arbeitsleben f\u00fcr die Leistungen f\u00fcr die Rentner und Ruhest\u00e4ndler aufkommen m\u00fcssen,<br \/>\n&#8211; die hohe Staatsverschuldung und<br \/>\n&#8211; die mangelhafte Anpassung der deutschen Wirtschaft an die Erfordernisse der Globalisierung.<\/p>\n<p>Wie in allen anderen Bereichen unseres sozialen Sicherungssystems ist f\u00fcr ihn auch bei den Renten eine grundlegende Neubesinnung das Gebot der Stunde. Grotthaus w\u00f6rtlich: &#8222;Deutschland muss sich neu positionieren, damit unsere Sozialsysteme noch eine Zukunft haben k\u00f6nnen&#8220;. F\u00fcr ihn gelte aber auch, dass die st\u00e4rkeren Schultern die Lasten der Schw\u00e4cheren mit tragen m\u00fcssten, fuhr er fort. Der schon in sich schwierige Spagat zwischen den unabdingbaren Anreizen f\u00fcr wirtschaftliches Wachstum und dem Anspruch nach sozialer Gerechtigkeit wird zus\u00e4tzlich erheblich erschwert durch die Tatsache, dass die Berliner<br \/>\nKoalition bei der Umsetzung ihrer Vorstellungen in fast allen Bereichen auf die Zustimmung des unionsregierten Bundesrates angewiesen sei. Kompromisse seien also angesagt, solle nicht alles von vornherein nur Makulatur bleiben, was die Bundesregierung und die sie tragenden Parteien anpacken.<\/p>\n<p>Wie gro\u00df der Druck von dieser Seite aus sei, ergebe sich aus den Vorschl\u00e4gen der Herzog-Kommission, die den Weg frei machen sollten heraus aus den derzeitigen Sozialsystemen, die sich auf Solidarit\u00e4t st\u00fctzen und auf soziale Gerechtigkeit ausgerichtet sind, hin zur privaten Absicherung aller Lebensrisiken ohne R\u00fccksicht auf Einzelschicksale und Leistungspotenziale.<\/p>\n<p>Dies gelte es zu verhindern; die aufgebrachten Rentner m\u00f6gen bedenken, dass sogar die von der Regierung Schr\u00f6der vorgesehenen ma\u00dfvollen Leistungseinschr\u00e4nkungen unabweislich nach sozialen Gesichtspunkten gestaltet sind, die bei den Rentnern mit geringem Einkommen auf jeden Fall sozial abzufedern seien. \u00dcberdies sollten die Rentenbezieher auch die ung\u00fcnstige Alterspyramide ungleich schwierigere Lage der beitragszahlenden, jungen Generation mit ber\u00fccksichtigen, die k\u00fcnftig ohne zus\u00e4tzliche, private Altersvorsorge an einen sp\u00e4teren Ruhestand entsprechend dem heutigem Niveau nicht denken k\u00f6nne.<\/p>\n<p>Der Oberhausener SPD-Bundestagsabgeordnete sagte zu, die \u00f6ffentliche Diskussion in seinem Wahlkreis Oberhausen\/Dinslaken mit eigenen Veranstaltungen fortzusetzen. So habe er bereits jetzt die Zusage von Professor Lauterbach, einem Mitglied der R\u00fcrup-Kommission, der sich im Januar &#8211; diesmal in Dinslaken &#8211; mit dem Thema &#8222;Kopfpauschale contra B\u00fcrgerversicherung&#8220; befassen werde.<\/p>\n","protected":false},"excerpt":{"rendered":"<p>Punktgenau hatte der Oberhausener SPD-Bundestagsabgeordnete Wolfgang Grotthaus den Termin des \u00f6ffentlichen &#8222;Montagsgespr\u00e4chskreises&#8220; zum Thema &#8222;Reform des Rentensystems&#8220; angesetzt. Im voll besetzten Sitzungsraum der SPD-Gesch\u00e4ftsstelle konnte er Rede und Antwort stehen&hellip; <\/p>\n","protected":false},"author":1,"featured_media":0,"comment_status":"closed","ping_status":"closed","sticky":false,"template":"","format":"standard","meta":{"footnotes":""},"categories":[1],"tags":[],"quellen":[],"class_list":["post-294","post","type-post","status-publish","format-standard","hentry","category-allgemein"],"_links":{"self":[{"href":"https:\/\/meier-gerdingh.de\/wp-spd-ob\/wp-json\/wp\/v2\/posts\/294","targetHints":{"allow":["GET"]}}],"collection":[{"href":"https:\/\/meier-gerdingh.de\/wp-spd-ob\/wp-json\/wp\/v2\/posts"}],"about":[{"href":"https:\/\/meier-gerdingh.de\/wp-spd-ob\/wp-json\/wp\/v2\/types\/post"}],"author":[{"embeddable":true,"href":"https:\/\/meier-gerdingh.de\/wp-spd-ob\/wp-json\/wp\/v2\/users\/1"}],"replies":[{"embeddable":true,"href":"https:\/\/meier-gerdingh.de\/wp-spd-ob\/wp-json\/wp\/v2\/comments?post=294"}],"version-history":[{"count":0,"href":"https:\/\/meier-gerdingh.de\/wp-spd-ob\/wp-json\/wp\/v2\/posts\/294\/revisions"}],"wp:attachment":[{"href":"https:\/\/meier-gerdingh.de\/wp-spd-ob\/wp-json\/wp\/v2\/media?parent=294"}],"wp:term":[{"taxonomy":"category","embeddable":true,"href":"https:\/\/meier-gerdingh.de\/wp-spd-ob\/wp-json\/wp\/v2\/categories?post=294"},{"taxonomy":"post_tag","embeddable":true,"href":"https:\/\/meier-gerdingh.de\/wp-spd-ob\/wp-json\/wp\/v2\/tags?post=294"},{"taxonomy":"quellen","embeddable":true,"href":"https:\/\/meier-gerdingh.de\/wp-spd-ob\/wp-json\/wp\/v2\/quellen?post=294"}],"curies":[{"name":"wp","href":"https:\/\/api.w.org\/{rel}","templated":true}]}}