{"id":295,"date":"2003-10-23T16:00:00","date_gmt":"2003-10-23T14:00:00","guid":{"rendered":"http:\/\/www.meier-gerdingh.de\/spd-oberhausen\/wp\/?p=295"},"modified":"2017-05-10T17:59:14","modified_gmt":"2017-05-10T15:59:14","slug":"spd-legt-schwerpunkte-fest","status":"publish","type":"post","link":"https:\/\/meier-gerdingh.de\/wp-spd-ob\/2003\/10\/23\/spd-legt-schwerpunkte-fest\/","title":{"rendered":"SPD legt Schwerpunkte fest"},"content":{"rendered":"<p><a href=\"http:\/\/meier-gerdingh.de\/wp-spd-ob\/wp-content\/uploads\/centerp.jpg\"><img decoding=\"async\" class=\"size-full alignleft\" src=\"http:\/\/meier-gerdingh.de\/wp-spd-ob\/wp-content\/uploads\/centerp.jpg\" alt=\"\" width=\"180\" height=\"141\" \/><\/a>Der Vorstand des SPD-Ortsvereins Sterkrade-S\u00fcd diskutierte in der letzten Sitzung die k\u00fcnftigen Arbeitsschwerpunkte. Unter dem Vorsitz der Stadtverordneten Beatriks Brands waren sich die Mitglieder des<br \/>\nVorstandes schnell einig, in den n\u00e4chsten Wochen und Monaten vor allem den Baufortschritt der Br\u00fccke an der Westrampe und die Verl\u00e4ngerung der Stra\u00dfenbahn zu verfolgen.<!--more--><\/p>\n<p>Aber auch die Entwicklungen des Bahnhofsgeb\u00e4udes Sterkrade und dessen Umfeldes (z. B. Zilianplatz) sollen kritisch begleitet werden. St\u00e4ndiger Tagesordnungspunkt wird die auch Betuwe-Linie und in diesem Zusammenhang die Forderung nach entsprechendem L\u00e4rmschutz bleiben.<\/p>\n<p>Der Sprecher der SPD-Fraktion in der Bezirksvertretung Hubert Cordes forderte, im Interesse der Sterkrader Gesch\u00e4ftsleute, den Umbau der Steinbrinkstra\u00dfe im fu\u00dfl\u00e4ufigen Bereich zu forcieren. &#8222;Die baustellenbedingten Behinderungen d\u00fcrfen nicht bis Weihnachten dauern. Es muss ein reibungsloser Gesch\u00e4ftsbetrieb gew\u00e4hrleistet sein, ansonsten muss die Baustelle ruhen&#8220;, so Hubert Cordes.<\/p>\n<p>Ferner mahnte er eine verbesserte Verkehrs- und Ampelf\u00fchrung auf der Holtener Stra\u00dfe in H\u00f6he des Hallenbades an, um die immer wieder festzustellenden Verkehrsstaus zu mindern.<\/p>\n<p>Der zust\u00e4ndige Stadtverordnete Karl-Heinz Emmerich will die aktuelle Parkplatzsituation in Buschhausen Mitte mit der Verwaltung mit dem Ziel er\u00f6rtern, eine f\u00fcr alle Beteiligten vertr\u00e4gliche L\u00f6sung zu finden.<\/p>\n","protected":false},"excerpt":{"rendered":"<p>Der Vorstand des SPD-Ortsvereins Sterkrade-S\u00fcd diskutierte in der letzten Sitzung die k\u00fcnftigen Arbeitsschwerpunkte. Unter dem Vorsitz der Stadtverordneten Beatriks Brands waren sich die Mitglieder des Vorstandes schnell einig, in den&hellip; <\/p>\n","protected":false},"author":1,"featured_media":0,"comment_status":"closed","ping_status":"closed","sticky":false,"template":"","format":"standard","meta":{"footnotes":""},"categories":[1],"tags":[],"quellen":[],"class_list":["post-295","post","type-post","status-publish","format-standard","hentry","category-allgemein"],"_links":{"self":[{"href":"https:\/\/meier-gerdingh.de\/wp-spd-ob\/wp-json\/wp\/v2\/posts\/295","targetHints":{"allow":["GET"]}}],"collection":[{"href":"https:\/\/meier-gerdingh.de\/wp-spd-ob\/wp-json\/wp\/v2\/posts"}],"about":[{"href":"https:\/\/meier-gerdingh.de\/wp-spd-ob\/wp-json\/wp\/v2\/types\/post"}],"author":[{"embeddable":true,"href":"https:\/\/meier-gerdingh.de\/wp-spd-ob\/wp-json\/wp\/v2\/users\/1"}],"replies":[{"embeddable":true,"href":"https:\/\/meier-gerdingh.de\/wp-spd-ob\/wp-json\/wp\/v2\/comments?post=295"}],"version-history":[{"count":0,"href":"https:\/\/meier-gerdingh.de\/wp-spd-ob\/wp-json\/wp\/v2\/posts\/295\/revisions"}],"wp:attachment":[{"href":"https:\/\/meier-gerdingh.de\/wp-spd-ob\/wp-json\/wp\/v2\/media?parent=295"}],"wp:term":[{"taxonomy":"category","embeddable":true,"href":"https:\/\/meier-gerdingh.de\/wp-spd-ob\/wp-json\/wp\/v2\/categories?post=295"},{"taxonomy":"post_tag","embeddable":true,"href":"https:\/\/meier-gerdingh.de\/wp-spd-ob\/wp-json\/wp\/v2\/tags?post=295"},{"taxonomy":"quellen","embeddable":true,"href":"https:\/\/meier-gerdingh.de\/wp-spd-ob\/wp-json\/wp\/v2\/quellen?post=295"}],"curies":[{"name":"wp","href":"https:\/\/api.w.org\/{rel}","templated":true}]}}