{"id":2970,"date":"2016-02-04T17:57:22","date_gmt":"2016-02-04T15:57:22","guid":{"rendered":"http:\/\/www.meier-gerdingh.de\/spd-oberhausen\/wp\/?p=2970"},"modified":"2016-02-04T17:57:22","modified_gmt":"2016-02-04T15:57:22","slug":"pate-beim-thr-projekt-schule-gegen-rassismus","status":"publish","type":"post","link":"https:\/\/meier-gerdingh.de\/wp-spd-ob\/2016\/02\/04\/pate-beim-thr-projekt-schule-gegen-rassismus\/","title":{"rendered":"Pate beim THR-Projekt &#8222;Schule gegen Rassismus&#8220;"},"content":{"rendered":"<p><a href=\"http:\/\/meier-gerdingh.de\/wp-spd-ob\/wp-content\/uploads\/stz_besuchergruppe_thr_2016.jpg\" rel=\"attachment wp-att-2969\"><img decoding=\"async\" src=\"http:\/\/meier-gerdingh.de\/wp-spd-ob\/wp-content\/uploads\/stz_besuchergruppe_thr_2016_600.jpg\" alt=\"stz_besuchergruppe_thr_2016_600\" width=\"600\" height=\"403\" class=\"aligncenter size-full wp-image-2969\" srcset=\"https:\/\/meier-gerdingh.de\/wp-spd-ob\/wp-content\/uploads\/stz_besuchergruppe_thr_2016_600.jpg 600w, https:\/\/meier-gerdingh.de\/wp-spd-ob\/wp-content\/uploads\/stz_besuchergruppe_thr_2016_600-300x202.jpg 300w\" sizes=\"(max-width: 600px) 100vw, 600px\" \/><\/a>50 Sch\u00fclerinnen und Sch\u00fcler der Theodor-Heuss-Realschule (THR) haben Stefan Zimkeit im D\u00fcsseldorfer Landtag besucht. Der Abgeordnete ist Pate des Projektes &#8222;Schule ohne Rassismus&#8220;. Er wies in seiner Begr\u00fc\u00dfung auf die gro\u00dfe Bedeutung hin, die Toleranz gerade heute hat, wo viele Fl\u00fcchtlinge nach Deutschland kommen. &#8222;Anpacken und L\u00f6sungen f\u00fcr Probleme suchen&#8220;, spricht sich Zimkeit gegen Scheinl\u00f6sungen aus. &#8222;Wir m\u00fcssen alle \u00fcberlegen, welche W\u00f6rter wir w\u00e4hlen und d\u00fcrfen nicht jedem populistischen Vorschlag hinterherlaufen&#8220;, so Stefan Zimkeit.<!--more--><\/p>\n<p>Die Realsch\u00fclerinnen und Realsch\u00fcler hatten viele Fragen mitgebracht, die vom transatlantischen Handelsabkommen TTIP bis hin zur Situation der Finanzen in den St\u00e4dten reichten. Bei TTIP sprach sich Zimkeit f\u00fcr eine differenzierte Haltung aus, die weder ein begeistertes Ja noch ein prinzipielles Nein bedeutet. &#8222;Da kommt es am Ende auf die konkreten Vereinbarungen an, damit Freihandel m\u00f6glich ist, ohne unsere Standards abzusenken.&#8220; Bei den st\u00e4dtischen Finanzen muss auch aus Zimkeits Sicht mehr geschehen. &#8222;Inzwischen gehen \u00fcber 30 Prozent des Landeshaushalts an die Kommunen.&#8220; Jetzt sei der Bund gefordert, mehr zu machen und St\u00e4dte wie Oberhausen bei den Sozialausgaben zu entlasten.<\/p>\n<p>&#8222;\u00c4nderungen darf es meines Erachtens nur im Einvernehmen mit der Theodor-Heuss-Realschule geben&#8220;, antwortete Zimkeit auf die Frage von Frank Petry, wie der SPD-Abgeordnete die Zukunft der Osterfelder Schule sehe. Zwar habe ein wissenschaftliches Gutachten, das im Rahmen der Bildungsplanung erstellt wurde, die M\u00f6glichkeit der Umwandlung in eine Gesamt- oder Sekundarschule erwogen, sagte Stefan Zimkeit. Politik und Verwaltung h\u00e4tten das aber noch nicht aufgegriffen. &#8222;Endg\u00fctige Entscheidungen zur Schulentwicklung werden aber erst im Fr\u00fchjahr fallen.&#8220;<\/p>\n","protected":false},"excerpt":{"rendered":"<p>50 Sch\u00fclerinnen und Sch\u00fcler der Theodor-Heuss-Realschule (THR) haben Stefan Zimkeit im D\u00fcsseldorfer Landtag besucht. Der Abgeordnete ist Pate des Projektes &#8222;Schule ohne Rassismus&#8220;. Er wies in seiner Begr\u00fc\u00dfung auf die&hellip; <\/p>\n","protected":false},"author":1,"featured_media":0,"comment_status":"closed","ping_status":"closed","sticky":false,"template":"","format":"standard","meta":{"footnotes":""},"categories":[2],"tags":[516,209,660,41,661,659,128],"quellen":[331],"class_list":["post-2970","post","type-post","status-publish","format-standard","hentry","category-schule","tag-bildungsplan","tag-fluechtlinge","tag-landtagsbesuch","tag-osterfeld","tag-schule-gegen-rassismus","tag-theodor-heuss-realschule","tag-ttip","quellen-mdl-stefan-zimkeit"],"_links":{"self":[{"href":"https:\/\/meier-gerdingh.de\/wp-spd-ob\/wp-json\/wp\/v2\/posts\/2970","targetHints":{"allow":["GET"]}}],"collection":[{"href":"https:\/\/meier-gerdingh.de\/wp-spd-ob\/wp-json\/wp\/v2\/posts"}],"about":[{"href":"https:\/\/meier-gerdingh.de\/wp-spd-ob\/wp-json\/wp\/v2\/types\/post"}],"author":[{"embeddable":true,"href":"https:\/\/meier-gerdingh.de\/wp-spd-ob\/wp-json\/wp\/v2\/users\/1"}],"replies":[{"embeddable":true,"href":"https:\/\/meier-gerdingh.de\/wp-spd-ob\/wp-json\/wp\/v2\/comments?post=2970"}],"version-history":[{"count":0,"href":"https:\/\/meier-gerdingh.de\/wp-spd-ob\/wp-json\/wp\/v2\/posts\/2970\/revisions"}],"wp:attachment":[{"href":"https:\/\/meier-gerdingh.de\/wp-spd-ob\/wp-json\/wp\/v2\/media?parent=2970"}],"wp:term":[{"taxonomy":"category","embeddable":true,"href":"https:\/\/meier-gerdingh.de\/wp-spd-ob\/wp-json\/wp\/v2\/categories?post=2970"},{"taxonomy":"post_tag","embeddable":true,"href":"https:\/\/meier-gerdingh.de\/wp-spd-ob\/wp-json\/wp\/v2\/tags?post=2970"},{"taxonomy":"quellen","embeddable":true,"href":"https:\/\/meier-gerdingh.de\/wp-spd-ob\/wp-json\/wp\/v2\/quellen?post=2970"}],"curies":[{"name":"wp","href":"https:\/\/api.w.org\/{rel}","templated":true}]}}