{"id":2971,"date":"2016-02-04T17:59:37","date_gmt":"2016-02-04T15:59:37","guid":{"rendered":"http:\/\/www.meier-gerdingh.de\/spd-oberhausen\/wp\/?p=2971"},"modified":"2016-02-04T17:59:37","modified_gmt":"2016-02-04T15:59:37","slug":"spd-bundestagsfraktion-lobt-otto-wels-preis-zum-thema-europa-aus","status":"publish","type":"post","link":"https:\/\/meier-gerdingh.de\/wp-spd-ob\/2016\/02\/04\/spd-bundestagsfraktion-lobt-otto-wels-preis-zum-thema-europa-aus\/","title":{"rendered":"SPD-Bundestagsfraktion lobt Otto-Wels-Preis zum Thema Europa aus"},"content":{"rendered":"<p><a href=\"http:\/\/meier-gerdingh.de\/wp-spd-ob\/wp-content\/uploads\/banner_otto_wels_preis_2016.jpg\" rel=\"attachment wp-att-2967\"><img decoding=\"async\" src=\"http:\/\/meier-gerdingh.de\/wp-spd-ob\/wp-content\/uploads\/banner_otto_wels_preis_2016.jpg\" alt=\"banner_otto_wels_preis_2016\" width=\"600\" height=\"222\" class=\"aligncenter size-full wp-image-2967\" srcset=\"https:\/\/meier-gerdingh.de\/wp-spd-ob\/wp-content\/uploads\/banner_otto_wels_preis_2016.jpg 600w, https:\/\/meier-gerdingh.de\/wp-spd-ob\/wp-content\/uploads\/banner_otto_wels_preis_2016-300x111.jpg 300w\" sizes=\"(max-width: 600px) 100vw, 600px\" \/><\/a>Europa galt lange Zeit als ein Erfolgsprojekt f\u00fcr Frieden, kulturellen Austausch und wirtschaftlichen Aufschwung. Aber die j\u00fcngere Vergangenheit und Gegenwart zeigen: Europa ist kein Selbstl\u00e4ufer. Die Frage nach der Zukunft Europas ist derzeit offener denn je. Aus diesem Anlass hat die SPD-Bundestagsfraktion einen Kreativwettbewerb f\u00fcr Jugendliche ausgeschrieben. Den Gewinnerinnen und Gewinnern winken Geldpreise und eine Einladung nach Berlin, wie der Bundestagsabgeordnete Dirk V\u00f6pel mitteilt.<!--more--><\/p>\n<p>Die Europ\u00e4ische Integration war nach zwei Weltkriegen die Antwort auf Nationalismus, Diktatur und Krieg, auf massenhafte Flucht und Vertreibung in Folge des nationalsozialistischen Terrors. &#8222;Die Idee des zusammenwachsenden Europas machte unseren Kontinent zu einem Ort des Friedens, der Freiheit und der Demokratie, der Solidarit\u00e4t und eines wachsenden Wohlstands,&#8220; so V\u00f6pel.<\/p>\n<p>Doch die Frage nach der Zukunft Europas ist derzeit offener denn je. Zahlreiche Herausforderungen stellen die Politik und die Gesellschaft des Kontinents vor eine Bew\u00e4hrungsprobe. Die Finanz- und Wirtschaftskrise mit teilweise massiven sozialen Verwerfungen ist noch nicht \u00fcberwunden. Eine solidarische Antwort auf die Fl\u00fcchtlingsfrage steht aus. V\u00f6pel: &#8222;Tendenzen einer Renationalisierung in Europa und offener Rassismus gegen Menschen, die in Europa Schutz suchen, sind besorgniserregend. Aber Europa darf nicht scheitern!&#8220;<\/p>\n<p>Wie soll die Zukunft Europas aussehen? Bei der Beantwortung dieser Fragen komme der jungen Generation eine besondere Bedeutung zu, ist der Bundestagsabgeordnete \u00fcberzeugt \u2013 einer Generation, die jetzt die Chance hat, die Zukunft mitzugestalten und die europ\u00e4ische Idee zu neuem Leben zu erwecken. Mit dem Wettbewerb zum Otto-Wels-Preis f\u00fcr Demokratie 2016 m\u00f6chte die SPD-Bundestagsfraktion deshalb einen Beitrag dazu leisten, bei der jungen Generation Begeisterung f\u00fcr Europa zu wecken. <\/p>\n<p>Der Kreativwettbewerb &#8222;Zukunft Europa(s)&#8220; richtet sich an Jugendliche und junge Erwachsene im Alter zwischen 16 und 20 Jahren. Drei Wettbewerbsaufgaben stehen zur Auswahl. Die Jugendlichen k\u00f6nnen beispielsweise ihre Vision f\u00fcr das Zusammenleben in Europa im Jahr 2030 gestalten, anderen jungen Menschen Lust auf Europa machen oder sich mit der Bek\u00e4mpfung von Rechtsextremismus auseinandersetzen. Bei der Umsetzung der Aufgabe k\u00f6nnen unterschiedliche Darstellungsformen wie Reden, Grafiken oder Videos gew\u00e4hlt werden. Zugelassen sind Einzel- und Gruppenarbeiten von maximal drei Teilnehmern.<\/p>\n<p>&#8222;Die Gewinnerinnen und Gewinner laden wir im Mai zur Preisverleihung nach Berlin ein&#8220;, k\u00fcndigt Dirk V\u00f6pel an. F\u00fcr die drei besten Arbeiten winken attraktive Preise.<\/p>\n<p>Ausschreibung und Teilnahmeformular sind unter <a href=\"http:\/\/www.spdfraktion.de\/ottowelspreis\" target=\"_blank\">www.spdfraktion.de\/ottowelspreis<\/a> abrufbar. <\/p>\n<p><strong>Einsendeschluss<\/strong> ist der 29. M\u00e4rz 2016.<\/p>\n","protected":false},"excerpt":{"rendered":"<p>Europa galt lange Zeit als ein Erfolgsprojekt f\u00fcr Frieden, kulturellen Austausch und wirtschaftlichen Aufschwung. Aber die j\u00fcngere Vergangenheit und Gegenwart zeigen: Europa ist kein Selbstl\u00e4ufer. Die Frage nach der Zukunft&hellip; <\/p>\n","protected":false},"author":1,"featured_media":0,"comment_status":"closed","ping_status":"closed","sticky":false,"template":"","format":"standard","meta":{"footnotes":""},"categories":[181],"tags":[663,209,662,84,664],"quellen":[330],"class_list":["post-2971","post","type-post","status-publish","format-standard","hentry","category-europa","tag-europa","tag-fluechtlinge","tag-otto-wels-preis","tag-spd-bundestagsfraktion","tag-zukunft-europas","quellen-mdb-dirk-voepel"],"_links":{"self":[{"href":"https:\/\/meier-gerdingh.de\/wp-spd-ob\/wp-json\/wp\/v2\/posts\/2971","targetHints":{"allow":["GET"]}}],"collection":[{"href":"https:\/\/meier-gerdingh.de\/wp-spd-ob\/wp-json\/wp\/v2\/posts"}],"about":[{"href":"https:\/\/meier-gerdingh.de\/wp-spd-ob\/wp-json\/wp\/v2\/types\/post"}],"author":[{"embeddable":true,"href":"https:\/\/meier-gerdingh.de\/wp-spd-ob\/wp-json\/wp\/v2\/users\/1"}],"replies":[{"embeddable":true,"href":"https:\/\/meier-gerdingh.de\/wp-spd-ob\/wp-json\/wp\/v2\/comments?post=2971"}],"version-history":[{"count":0,"href":"https:\/\/meier-gerdingh.de\/wp-spd-ob\/wp-json\/wp\/v2\/posts\/2971\/revisions"}],"wp:attachment":[{"href":"https:\/\/meier-gerdingh.de\/wp-spd-ob\/wp-json\/wp\/v2\/media?parent=2971"}],"wp:term":[{"taxonomy":"category","embeddable":true,"href":"https:\/\/meier-gerdingh.de\/wp-spd-ob\/wp-json\/wp\/v2\/categories?post=2971"},{"taxonomy":"post_tag","embeddable":true,"href":"https:\/\/meier-gerdingh.de\/wp-spd-ob\/wp-json\/wp\/v2\/tags?post=2971"},{"taxonomy":"quellen","embeddable":true,"href":"https:\/\/meier-gerdingh.de\/wp-spd-ob\/wp-json\/wp\/v2\/quellen?post=2971"}],"curies":[{"name":"wp","href":"https:\/\/api.w.org\/{rel}","templated":true}]}}