{"id":299,"date":"2003-11-17T17:00:00","date_gmt":"2003-11-17T15:00:00","guid":{"rendered":"http:\/\/www.meier-gerdingh.de\/spd-oberhausen\/wp\/?p=299"},"modified":"2017-05-14T14:05:52","modified_gmt":"2017-05-14T12:05:52","slug":"grotthaus-und-albrecht-mainz-vertreten-oberhausener-spd","status":"publish","type":"post","link":"https:\/\/meier-gerdingh.de\/wp-spd-ob\/2003\/11\/17\/grotthaus-und-albrecht-mainz-vertreten-oberhausener-spd\/","title":{"rendered":"Grotthaus und Albrecht-Mainz vertreten Oberhausener SPD"},"content":{"rendered":"<p><a href=\"http:\/\/meier-gerdingh.de\/wp-spd-ob\/wp-content\/uploads\/logo_parteitag_bochum.bmp\"><img decoding=\"async\" class=\"size-full alignleft\" src=\"http:\/\/meier-gerdingh.de\/wp-spd-ob\/wp-content\/uploads\/logo_parteitag_bochum.bmp\" alt=\"\" width=\"146\" height=\"50\" \/><\/a>Auf dem am heutigen Montag in Bochum beginnenden SPD-Bundesparteitag werden die Oberhausener Sozialdemokraten u.a. durch die stellvertretenden Parteivorsitzenden Elia Albrecht-Mainz und Wolfgang Grotthaus MdB vertreten. Der alle zwei Jahre stattfindende ordentliche Bundesparteitag, der im Ruhr-Congress-Zentrum seine Tore \u00f6ffnet, w\u00e4hlt u.a. den SPD-Parteivorsitzenden, den Generalsekret\u00e4r und den gesamten Bundesvorstand der SPD.<!--more--><\/p>\n<p>Die insgesamt 480 Delegierten aus ganz Deutschland werden sich durch ein f\u00fcnfhundert Seiten starkes Antragspaket arbeiten, \u00fcber den Reformprozess und die Agenda 2010 diskutieren. Wolfgang Grotthaus: &#8222;Ich bin der festen \u00dcberzeugung, dass der Reformweg von Bundeskanzler Gerhard Schr\u00f6der auch in Bochum eine breite Mehrheit finden wird. Es gibt keine Alternative zur Erneuerung, wenn wir unseren Kinder nicht noch mehr Lasten aufb\u00fcrden wollen. Wir m\u00fcssen \u00fcber alle Parteigrenzen hinweg zu ordentlichen Ergebnissen kommen.&#8220;<\/p>\n<p>Bereits am Sonntag findet ebenfalls in Bochum die Europadelegiertenkonferenz statt, auf der die SPD ihre Kandidatinnen und Kandidaten f\u00fcr die Europawahl im Juni 2004 w\u00e4hlt. SPD Stadtverordnete Elke Kemper vertritt hierbei die Oberhausener Genossen, die dem jetzigen Europaabgeordneten Klaus H\u00e4nsch ihre Stimme geben werden.<\/p>\n<p>Wer online beim Bundesparteitag dabei sein m\u00f6chte, Antr\u00e4ge oder Beratungsgegenst\u00e4nde ben\u00f6tigt, kann dies unter <a class=\"normal\" href=\"http:\/\/www.spd-parteitag.de\" target=\"_blank\" rel=\"noopener noreferrer\">www.spd-parteitag.de<\/a> oder unter <a class=\"normal\" href=\"http:\/\/www.nrwspd.de\" target=\"_blank\" rel=\"noopener noreferrer\">www.nrwspd.de<\/a> tun oder sich direkt mit der SPD Gesch\u00e4ftsstelle telefonisch unter 2 33 34 in Verbindung setzen.<\/p>\n","protected":false},"excerpt":{"rendered":"<p>Auf dem am heutigen Montag in Bochum beginnenden SPD-Bundesparteitag werden die Oberhausener Sozialdemokraten u.a. durch die stellvertretenden Parteivorsitzenden Elia Albrecht-Mainz und Wolfgang Grotthaus MdB vertreten. Der alle zwei Jahre stattfindende&hellip; <\/p>\n","protected":false},"author":1,"featured_media":0,"comment_status":"closed","ping_status":"closed","sticky":false,"template":"","format":"standard","meta":{"footnotes":""},"categories":[1],"tags":[],"quellen":[],"class_list":["post-299","post","type-post","status-publish","format-standard","hentry","category-allgemein"],"_links":{"self":[{"href":"https:\/\/meier-gerdingh.de\/wp-spd-ob\/wp-json\/wp\/v2\/posts\/299","targetHints":{"allow":["GET"]}}],"collection":[{"href":"https:\/\/meier-gerdingh.de\/wp-spd-ob\/wp-json\/wp\/v2\/posts"}],"about":[{"href":"https:\/\/meier-gerdingh.de\/wp-spd-ob\/wp-json\/wp\/v2\/types\/post"}],"author":[{"embeddable":true,"href":"https:\/\/meier-gerdingh.de\/wp-spd-ob\/wp-json\/wp\/v2\/users\/1"}],"replies":[{"embeddable":true,"href":"https:\/\/meier-gerdingh.de\/wp-spd-ob\/wp-json\/wp\/v2\/comments?post=299"}],"version-history":[{"count":0,"href":"https:\/\/meier-gerdingh.de\/wp-spd-ob\/wp-json\/wp\/v2\/posts\/299\/revisions"}],"wp:attachment":[{"href":"https:\/\/meier-gerdingh.de\/wp-spd-ob\/wp-json\/wp\/v2\/media?parent=299"}],"wp:term":[{"taxonomy":"category","embeddable":true,"href":"https:\/\/meier-gerdingh.de\/wp-spd-ob\/wp-json\/wp\/v2\/categories?post=299"},{"taxonomy":"post_tag","embeddable":true,"href":"https:\/\/meier-gerdingh.de\/wp-spd-ob\/wp-json\/wp\/v2\/tags?post=299"},{"taxonomy":"quellen","embeddable":true,"href":"https:\/\/meier-gerdingh.de\/wp-spd-ob\/wp-json\/wp\/v2\/quellen?post=299"}],"curies":[{"name":"wp","href":"https:\/\/api.w.org\/{rel}","templated":true}]}}