{"id":301,"date":"2003-11-18T17:00:00","date_gmt":"2003-11-18T15:00:00","guid":{"rendered":"http:\/\/www.meier-gerdingh.de\/spd-oberhausen\/wp\/?p=301"},"modified":"2017-05-14T14:17:03","modified_gmt":"2017-05-14T12:17:03","slug":"angriff-auf-tarifautonomie-abwehren","status":"publish","type":"post","link":"https:\/\/meier-gerdingh.de\/wp-spd-ob\/2003\/11\/18\/angriff-auf-tarifautonomie-abwehren\/","title":{"rendered":"Angriff auf Tarifautonomie abwehren"},"content":{"rendered":"<div style=\"width: 150px\" class=\"wp-caption alignleft\"><a href=\"http:\/\/meier-gerdingh.de\/wp-spd-ob\/wp-content\/uploads\/grotthaus_rede.jpg\"><img decoding=\"async\" class=\"size-full\" src=\"http:\/\/meier-gerdingh.de\/wp-spd-ob\/wp-content\/uploads\/grotthaus_rede.jpg\" alt=\"\" width=\"140\" height=\"194\" \/><\/a><p class=\"wp-caption-text\">MdB Wolfgang Grotthaus<\/p><\/div>\n<p>&#8222;Der Angriff von CDU\/CSU auf die Tarifautonomie muss abgewehrt werden&#8220;, erkl\u00e4rte Oberhausens SPD-Bundestagsabgeordneter Wolfgang Grotthaus. Diese Position vorzutragen wird er auch an diesem Freitag, den 21.11.03, bei einem Gespr\u00e4ch mit den Vorst\u00e4nden des Betriebsrates der Kaufhof AG Bruns und Schendel im Centro Oberhausen Gelegenheit haben.<!--more--><\/p>\n<p>Gewerkschaften, Betriebsr\u00e4te und Arbeitgeber wissen am besten, wie man Arbeitspl\u00e4tze sichert und innovative Modelle zur Arbeitszeitgestaltung schafft. Deshalb sollte sich der Staat aus diesem Bereich raus halten, so Grotthaus. Die Tarifautonomie d\u00fcrfe unter keinen Umst\u00e4nden &#8222;zur Verhandlungsmasse&#8220; im Vermittlungsausschuss geh\u00f6ren. &#8222;Egal was Union und FDP fordern. Die SPD muss und wird auch weiterhin an der Seite der Arbeitnehmerinnen und Arbeitnehmer in Deutschland stehen.&#8220; Grotthaus sieht vor dem Hintergrund der heute vorhandenen Flexibilit\u00e4t keinen Bedarf f\u00fcr neue gesetzliche Regelungen.<\/p>\n<p>&#8222;Beispielhaft seien hier nur die innovativen VW-Modelle &#8222;5000 mal 5000&#8243; und die Einf\u00fchrung der 28,8-Stunden-Woche zur Sicherung und Schaffung von Arbeitspl\u00e4tzen genannt&#8220;, so der Sozialdemokrat. Auch IG Metall und Opel-Betriebsrat folgten jetzt zur Sicherung von tausenden von Arbeitspl\u00e4tzen dem Volkswagen-Modell und reduzierten die Arbeitszeit bei gleichzeitigem Lohnverzicht. &#8222;L\u00e4ngere Arbeitszeiten sind in der derzeitigen Lage des Arbeitsmarktes eine Wahnsinnsforderung&#8220;, kritisiert Grotthaus die Forderungen von CDU-Parteichefin Angela Merkel nach einer Mehrarbeit von zwei Stunden ohne Lohnausgleich.<\/p>\n<p>&#8222;Dies ist genau der falsche Weg. Ich w\u00fcrde mir w\u00fcnschen, dass sich Politiker aller Parteien, die in diesen Tagen mit Forderungen nach verl\u00e4ngerten Arbeitszeiten Schlagzeilen machen, einmal bei Volkswagen \u00fcber das von IG Metall, Betriebsrat und Unternehmen getragene Modell informieren, das eine gr\u00f6\u00dftm\u00f6gliche Flexibilit\u00e4t bietet, um auf Schwankungen bei der Nachfrage zu reagieren&#8220;, unterstreicht Grotthaus.<\/p>\n<p>Auf Unverst\u00e4ndnis st\u00f6\u00dft bei Grotthaus in diesem Zusammenhang, dass auch Wolfgang Clement, Bundesminister f\u00fcr Wirtschaft und Arbeit, in der j\u00fcngsten Zeit laut \u00fcber eine Verl\u00e4ngerung der Arbeitszeiten nachgedacht hatte. &#8222;Es wundert mich nicht, dass meinen Kollegen in den Betrieben vor dem Hintergrund so leichtfertiger \u00c4u\u00dferungen momentan das Vertrauen in die Bundesregierung schwindet&#8220;. Grotthaus und weitere Gewerkschafter in der SPD-Bundestagsfraktion haben aber nicht zuletzt bei der Betriebsr\u00e4tekonferenz am 05.11.03 in Berlin deutlich gemacht, dass die SPD-Bundestagsfraktion und Kanzler Gerhard Schr\u00f6der an der Seite der Gewerkschaften stehen. &#8222;Gerhard Schr\u00f6der hat die Arbeitszeitverk\u00fcrzung bei Opel ausdr\u00fccklich begr\u00fc\u00dft. Andere Spitzenpolitiker &#8211; egal welcher Couleur &#8211; sollten sich ein Beispiel daran nehmen.&#8220;<\/p>\n<p>Ideen nach einer erneuten Ver\u00e4nderung der Laden\u00f6ffnungszeiten an Sonn- und Feiertagen in der Adventszeit, so wie sie j\u00fcngst von FDP und Teilen der Gr\u00fcnen entwickelt wurden, erteilt Grotthaus eine klare Absage: &#8222;Gerade haben wir ein neues Gesetz f\u00fcr die Samstage auf den Weg gebracht. Dabei haben wir bewu\u00dft diese Regelungen gew\u00e4hlt und eben nicht die Sonn- und Feiertage zur Disposition gestellt. Das Thema ist nun wirklich durch.&#8220;<\/p>\n","protected":false},"excerpt":{"rendered":"<p>&#8222;Der Angriff von CDU\/CSU auf die Tarifautonomie muss abgewehrt werden&#8220;, erkl\u00e4rte Oberhausens SPD-Bundestagsabgeordneter Wolfgang Grotthaus. Diese Position vorzutragen wird er auch an diesem Freitag, den 21.11.03, bei einem Gespr\u00e4ch mit&hellip; <\/p>\n","protected":false},"author":1,"featured_media":0,"comment_status":"closed","ping_status":"closed","sticky":false,"template":"","format":"standard","meta":{"footnotes":""},"categories":[1],"tags":[],"quellen":[],"class_list":["post-301","post","type-post","status-publish","format-standard","hentry","category-allgemein"],"_links":{"self":[{"href":"https:\/\/meier-gerdingh.de\/wp-spd-ob\/wp-json\/wp\/v2\/posts\/301","targetHints":{"allow":["GET"]}}],"collection":[{"href":"https:\/\/meier-gerdingh.de\/wp-spd-ob\/wp-json\/wp\/v2\/posts"}],"about":[{"href":"https:\/\/meier-gerdingh.de\/wp-spd-ob\/wp-json\/wp\/v2\/types\/post"}],"author":[{"embeddable":true,"href":"https:\/\/meier-gerdingh.de\/wp-spd-ob\/wp-json\/wp\/v2\/users\/1"}],"replies":[{"embeddable":true,"href":"https:\/\/meier-gerdingh.de\/wp-spd-ob\/wp-json\/wp\/v2\/comments?post=301"}],"version-history":[{"count":0,"href":"https:\/\/meier-gerdingh.de\/wp-spd-ob\/wp-json\/wp\/v2\/posts\/301\/revisions"}],"wp:attachment":[{"href":"https:\/\/meier-gerdingh.de\/wp-spd-ob\/wp-json\/wp\/v2\/media?parent=301"}],"wp:term":[{"taxonomy":"category","embeddable":true,"href":"https:\/\/meier-gerdingh.de\/wp-spd-ob\/wp-json\/wp\/v2\/categories?post=301"},{"taxonomy":"post_tag","embeddable":true,"href":"https:\/\/meier-gerdingh.de\/wp-spd-ob\/wp-json\/wp\/v2\/tags?post=301"},{"taxonomy":"quellen","embeddable":true,"href":"https:\/\/meier-gerdingh.de\/wp-spd-ob\/wp-json\/wp\/v2\/quellen?post=301"}],"curies":[{"name":"wp","href":"https:\/\/api.w.org\/{rel}","templated":true}]}}