{"id":3060,"date":"2016-02-17T11:48:10","date_gmt":"2016-02-17T09:48:10","guid":{"rendered":"http:\/\/www.meier-gerdingh.de\/spd-oberhausen\/wp\/?p=3060"},"modified":"2016-02-25T11:38:52","modified_gmt":"2016-02-25T09:38:52","slug":"spd-oberhausen-west-laedt-muelheims-ob-scholten-zum-ortstermin-ein","status":"publish","type":"post","link":"https:\/\/meier-gerdingh.de\/wp-spd-ob\/2016\/02\/17\/spd-oberhausen-west-laedt-muelheims-ob-scholten-zum-ortstermin-ein\/","title":{"rendered":"SPD Oberhausen-West l\u00e4dt M\u00fclheims OB Scholten zum Ortstermin ein"},"content":{"rendered":"<p><a href=\"http:\/\/meier-gerdingh.de\/wp-spd-ob\/wp-content\/uploads\/banner_ov_west_windrad_ruhrufer_1400.jpg\" rel=\"attachment wp-att-3072\"><img decoding=\"async\" src=\"http:\/\/meier-gerdingh.de\/wp-spd-ob\/wp-content\/uploads\/banner_ov_west_windrad_ruhrufer.jpg\" alt=\"banner_ov_west_windrad_ruhrufer\" width=\"600\" height=\"228\" class=\"aligncenter size-full wp-image-3072\" srcset=\"https:\/\/meier-gerdingh.de\/wp-spd-ob\/wp-content\/uploads\/banner_ov_west_windrad_ruhrufer.jpg 600w, https:\/\/meier-gerdingh.de\/wp-spd-ob\/wp-content\/uploads\/banner_ov_west_windrad_ruhrufer-300x114.jpg 300w\" sizes=\"(max-width: 600px) 100vw, 600px\" \/><\/a>Die SPD Oberhausen-West l\u00e4dt M\u00fclheims Oberb\u00fcrgermeister Ulrich Scholten am 11. M\u00e4rz zu einen Ortstermin am Ruhrdeich ein. Er soll Rede und Antwort zu stehen, warum es aus M\u00fclheimer Sicht zu vertreten ist, Anwohnern in Alstaden ein 200 Meter hohes Windrad vor die Haust\u00fcren zu stellen.<\/p>\n<p>Wir dokumentieren im Folgenden den Brief des OV West im Wortlaut:<!--more--><\/p>\n<blockquote>\n<p>Sehr geehrter Herr Oberb\u00fcrgermeister,<\/p>\n<p>im Namen der SPD in Oberhausen-Alstaden fragen wir h\u00f6flich an, ob und wann Sie bereit w\u00e4ren, den Alstadener B\u00fcrgerinnen und B\u00fcrgern auch pers\u00f6nlich zu erkl\u00e4ren, warum die Stadt M\u00fclheim der Auffassung ist, es sei kein Problem, den Anwohnern an der Ruhr ein 200 m hohes Windrad auf einer 70 m hohen Halde praktisch vor die Haust\u00fcr zu stellen.<\/p>\n<p>Die Stadt M\u00fclheim wirbt auf ihrer Homepage mit dem Slogan: \u201eDie Stadt am Fluss\u201c. Dies soll Besuchern signalisieren, dass M\u00fclheim a. d. Ruhr auch landschaftlich etwas f\u00fcr Touristen zu bieten hat. Die Stadt Oberhausen wirbt zwar nicht mir Ihrer N\u00e4he zum Fluss. Dennoch sind die Ruhr und der angrenzende Ruhrpark ein bedeutendes Naherholungsgebiet f\u00fcr Jung und Alt in unserer Stadt. Zu fr\u00fcheren Zeiten war sogar einmal angedacht, eine Fu\u00dfg\u00e4ngerbr\u00fccke zum anderen Ruhrufer zu schlagen, um die Nachbarst\u00e4dte M\u00fclheim und Oberhausen an diesem Gr\u00fcnstreifen miteinander zu verbinden. Schnee von gestern, leider! Heute spielen diese Gedanken offensichtlich keine Rolle mehr.<\/p>\n<p>Ein Windrad am Ruhrufer ist sicher nicht geeignet, das gutnachbarschaftliche Verh\u00e4ltnis zwischen den St\u00e4dten zu f\u00f6rdern. Insbesondere die Art und Weise in der die Stadt M\u00fclheim hier vorgeht, macht deutlich, dass ihr die Interessen der Oberhausener B\u00fcrger mehr als gleichg\u00fcltig sind. Bis heute haben Sie es nicht geschafft, die Oberhausener B\u00fcrgerinnen und B\u00fcrger ins Boot zu holen, zu informieren und anzuh\u00f6ren.<\/p>\n<p>Zun\u00e4chst schien es, als w\u00fcrde sich das Vorhaben nicht realisieren lassen. Experten aus der freien Wirtschaft konnten uns plausibel begr\u00fcnden, warum der Bau eines Windrades an diesem Standort f\u00fcr ein Unternehmen wirtschaftlich eigentlich nicht interessant sei. Dies liege insbesondere an dem hohen Aufwand, der bei der Fundierung und Errichtung eines solchen Bauwerkes auf einer Bodendeponie zu erwarten sei. Au\u00dferdem m\u00fcsse sich ein Windrad in der freien Wirtschaft in 20 Jahren amortisieren. Dies sei nur unter optimalen Bedingungen m\u00f6glich. Insbesondere m\u00fcssten deutlich gr\u00f6\u00dfere Windmengen vor Ort erreicht werden als man in den Ruhrauen tats\u00e4chlich erwarten k\u00f6nne.<\/p>\n<p>Repr\u00e4sentative Windmengenmessungen, die mindestens \u00fcber ein Jahr durchgef\u00fchrt werden m\u00fcssen, sind unseres Wissens bislang gar nicht erfolgt. Dar\u00fcber hinaus sollte der Betreiber hier mit h\u00e4ufigen Betriebseinschr\u00e4nkungen kalkulieren, da der Betrieb aufgrund der nahen Wohnbebauung in jedem Fall mit erheblichen Auflagen versehen werden wird, die sich zwangsl\u00e4ufig aus Schattenwurf und Ger\u00e4uschemissionen ergeben. Ein Umweltgutachten \u00fcber die Vertr\u00e4glichkeit vor Ort wurde ebenfalls bislang nicht vorgelegt. Wir fragen uns daher, was die Stadt M\u00fclheim veranlasst, den benachbarten Anwohnern ohne Not ein die Landschaft derart dominierendes Riesen-Windkraftrad vor die Haust\u00fcr zu setzen, w\u00e4hrend Experten aus der freien Wirtschaft diesem Vorhaben sehr kritisch gen\u00fcberstehen.<\/p>\n<p>Sehr geehrter Herr Oberb\u00fcrgermeister,<\/p>\n<p>wir w\u00fcrden gerne Ihre Argumente h\u00f6ren und auch Antworten auf unsere Fragen bekommen. Wir laden Sie deshalb herzlich auf das Nordufer der Ruhr ein, um mit uns und den Alstadener B\u00fcrgerinnen und B\u00fcrgern am Freitag, 11. M\u00e4rz 2016, um 14:00\u00a0Uhr, ins Gespr\u00e4ch zu kommen. Wir treffen uns auf dem Ruhrdeich Am Ruhrufer \/ Behrensstr. vor dem Alstadener Kanu Club. \u00dcber Ihr Erscheinen w\u00fcrden wir uns sehr freuen.<\/p>\n<p>Wir haben dieses Schreiben mit gleicher Post verschiedenen Medienvertretern \u00fcbersandt.<\/p>\n<p>Mit freundlichen Gr\u00fc\u00dfen<\/p>\n<p><strong>Dirk V\u00f6pel MdB\t<\/strong><br \/>\n<em>&#8211; Vorsitzender &#8211;<\/em>\t\t\t                                               <\/p>\n<p><strong>Sonja Bongers<\/strong><br \/>\n<em>&#8211; Stv. Vorsitzende &#8211;<\/em><\/p>\n<p><strong>Sandra Jungmaier<\/strong><br \/>\n<em>&#8211; Stv. Vorsitzende &#8211;<\/em>\n<\/p>\n<\/blockquote>\n<p><a href=\"http:\/\/meier-gerdingh.de\/wp-spd-ob\/wp-content\/uploads\/ov_west_schreiben_16_02_15_scholten_original_unterschriften.pdf\" target=\"_blank\">Originalschreiben als pdf-Dokument herunterladen (ca. 1 MB)<\/a><\/p>\n<p><strong>Veranstaltung:<\/strong><br \/>\nFreitag, 11. M\u00e4rz 2016 | 14.00 Uhr<br \/>\nAuf dem Ruhrdeich (Am Ruhrufer \/ Behrensstra\u00dfe) vor dem Alstadener Kanu-Club<\/p>\n","protected":false},"excerpt":{"rendered":"<p>Die SPD Oberhausen-West l\u00e4dt M\u00fclheims Oberb\u00fcrgermeister Ulrich Scholten am 11. M\u00e4rz zu einen Ortstermin am Ruhrdeich ein. Er soll Rede und Antwort zu stehen, warum es aus M\u00fclheimer Sicht zu&hellip; <\/p>\n","protected":false},"author":1,"featured_media":0,"comment_status":"closed","ping_status":"closed","sticky":false,"template":"","format":"standard","meta":{"footnotes":""},"categories":[167,29],"tags":[134,670,675,673,674,223,136,671,672],"quellen":[335],"class_list":["post-3060","post","type-post","status-publish","format-standard","hentry","category-stadtteile","category-umwelt","tag-alstaden","tag-muelheim-an-der-ruhr","tag-oberbuergermeister-muelheim","tag-ruhrufer","tag-ulrich-scholten","tag-windenergie","tag-windkraftpark-styrumer-ruhrbogen","tag-windkraftrad-deponie-kolkerhofweg","tag-windpark-ruhrauen","quellen-ov-west"],"_links":{"self":[{"href":"https:\/\/meier-gerdingh.de\/wp-spd-ob\/wp-json\/wp\/v2\/posts\/3060","targetHints":{"allow":["GET"]}}],"collection":[{"href":"https:\/\/meier-gerdingh.de\/wp-spd-ob\/wp-json\/wp\/v2\/posts"}],"about":[{"href":"https:\/\/meier-gerdingh.de\/wp-spd-ob\/wp-json\/wp\/v2\/types\/post"}],"author":[{"embeddable":true,"href":"https:\/\/meier-gerdingh.de\/wp-spd-ob\/wp-json\/wp\/v2\/users\/1"}],"replies":[{"embeddable":true,"href":"https:\/\/meier-gerdingh.de\/wp-spd-ob\/wp-json\/wp\/v2\/comments?post=3060"}],"version-history":[{"count":0,"href":"https:\/\/meier-gerdingh.de\/wp-spd-ob\/wp-json\/wp\/v2\/posts\/3060\/revisions"}],"wp:attachment":[{"href":"https:\/\/meier-gerdingh.de\/wp-spd-ob\/wp-json\/wp\/v2\/media?parent=3060"}],"wp:term":[{"taxonomy":"category","embeddable":true,"href":"https:\/\/meier-gerdingh.de\/wp-spd-ob\/wp-json\/wp\/v2\/categories?post=3060"},{"taxonomy":"post_tag","embeddable":true,"href":"https:\/\/meier-gerdingh.de\/wp-spd-ob\/wp-json\/wp\/v2\/tags?post=3060"},{"taxonomy":"quellen","embeddable":true,"href":"https:\/\/meier-gerdingh.de\/wp-spd-ob\/wp-json\/wp\/v2\/quellen?post=3060"}],"curies":[{"name":"wp","href":"https:\/\/api.w.org\/{rel}","templated":true}]}}