{"id":3063,"date":"2016-02-19T12:31:52","date_gmt":"2016-02-19T10:31:52","guid":{"rendered":"http:\/\/www.meier-gerdingh.de\/spd-oberhausen\/wp\/?p=3063"},"modified":"2016-12-27T14:50:57","modified_gmt":"2016-12-27T13:50:57","slug":"klaus-koesling-erneut-zum-stellvertretenden-vorsitzender-der-spd-fraktion-im-lvr-gewaehlt","status":"publish","type":"post","link":"https:\/\/meier-gerdingh.de\/wp-spd-ob\/2016\/02\/19\/klaus-koesling-erneut-zum-stellvertretenden-vorsitzender-der-spd-fraktion-im-lvr-gewaehlt\/","title":{"rendered":"Klaus K\u00f6sling erneut zum stellvertretenden Vorsitzender der SPD-Fraktion im LVR gew\u00e4hlt"},"content":{"rendered":"<div id=\"attachment_1473\" style=\"width: 150px\" class=\"wp-caption alignleft\"><a href=\"http:\/\/meier-gerdingh.de\/wp-spd-ob\/wp-content\/uploads\/koesling_klaus_09.jpg\" rel=\"attachment wp-att-1473\"><img aria-describedby=\"caption-attachment-1473\" decoding=\"async\" class=\"size-full wp-image-1473\" src=\"http:\/\/meier-gerdingh.de\/wp-spd-ob\/wp-content\/uploads\/koesling_klaus_09.jpg\" alt=\"Klaus K\u00f6sling ist Stadtverordneter und Mitglied der Landschaftsversammlung des LVR\" width=\"140\" height=\"169\" \/><\/a><p id=\"caption-attachment-1473\" class=\"wp-caption-text\">Klaus K\u00f6sling ist Stadtverordneter und Mitglied der Landschaftsversammlung des LVR<\/p><\/div>\n<p>Der Oberhausener Stadtverordnete Klaus K\u00f6sling und finanzpolitischer Sprecher der SPD-Fraktion in der Landschaftsversammlung des Landschaftsverbands Rheinland (LVR) ist erneut mit gro\u00dfer Mehrheit zum stellvertretenden Vorsitzenden wiedergew\u00e4hlt worden. &#8222;Ich danke meiner Fraktion f\u00fcr das Vertrauen und freue mich, dass ich mich weiterhin in dieser verantwortungsvollen Position f\u00fcr die Menschen im Rheinland einsetzen kann&#8220;, so K\u00f6sling im Anschluss an die Wahl.<!--more--><\/p>\n<p>Die Landschaftsversammlung und ihre Aussch\u00fcsse sind die politischen Gremien des LVR. In ihnen vollzieht sich die Mitverwaltung der B\u00fcrgerinnen und B\u00fcrger. Zu den Aufgaben der Landschaftsversammlung z\u00e4hlen unter anderem die Festlegung der allgemeinen Grunds\u00e4tze, nach denen die Verwaltung gef\u00fchrt werden soll, die Wahl des Verbandsdirektors oder der Erlass von Satzungen.<\/p>\n","protected":false},"excerpt":{"rendered":"<p>Der Oberhausener Stadtverordnete Klaus K\u00f6sling und finanzpolitischer Sprecher der SPD-Fraktion in der Landschaftsversammlung des Landschaftsverbands Rheinland (LVR) ist erneut mit gro\u00dfer Mehrheit zum stellvertretenden Vorsitzenden wiedergew\u00e4hlt worden. &#8222;Ich danke meiner&hellip; <\/p>\n","protected":false},"author":1,"featured_media":0,"comment_status":"closed","ping_status":"closed","sticky":false,"template":"","format":"standard","meta":{"footnotes":""},"categories":[216],"tags":[676,215],"quellen":[326],"class_list":["post-3063","post","type-post","status-publish","format-standard","hentry","category-land","tag-landschaftsverband-rheinland","tag-lvr","quellen-spd-fraktion-oberhausen"],"_links":{"self":[{"href":"https:\/\/meier-gerdingh.de\/wp-spd-ob\/wp-json\/wp\/v2\/posts\/3063","targetHints":{"allow":["GET"]}}],"collection":[{"href":"https:\/\/meier-gerdingh.de\/wp-spd-ob\/wp-json\/wp\/v2\/posts"}],"about":[{"href":"https:\/\/meier-gerdingh.de\/wp-spd-ob\/wp-json\/wp\/v2\/types\/post"}],"author":[{"embeddable":true,"href":"https:\/\/meier-gerdingh.de\/wp-spd-ob\/wp-json\/wp\/v2\/users\/1"}],"replies":[{"embeddable":true,"href":"https:\/\/meier-gerdingh.de\/wp-spd-ob\/wp-json\/wp\/v2\/comments?post=3063"}],"version-history":[{"count":0,"href":"https:\/\/meier-gerdingh.de\/wp-spd-ob\/wp-json\/wp\/v2\/posts\/3063\/revisions"}],"wp:attachment":[{"href":"https:\/\/meier-gerdingh.de\/wp-spd-ob\/wp-json\/wp\/v2\/media?parent=3063"}],"wp:term":[{"taxonomy":"category","embeddable":true,"href":"https:\/\/meier-gerdingh.de\/wp-spd-ob\/wp-json\/wp\/v2\/categories?post=3063"},{"taxonomy":"post_tag","embeddable":true,"href":"https:\/\/meier-gerdingh.de\/wp-spd-ob\/wp-json\/wp\/v2\/tags?post=3063"},{"taxonomy":"quellen","embeddable":true,"href":"https:\/\/meier-gerdingh.de\/wp-spd-ob\/wp-json\/wp\/v2\/quellen?post=3063"}],"curies":[{"name":"wp","href":"https:\/\/api.w.org\/{rel}","templated":true}]}}