{"id":3064,"date":"2016-02-19T12:36:30","date_gmt":"2016-02-19T10:36:30","guid":{"rendered":"http:\/\/www.meier-gerdingh.de\/spd-oberhausen\/wp\/?p=3064"},"modified":"2017-01-03T18:27:33","modified_gmt":"2017-01-03T17:27:33","slug":"foerderung-der-inklusion-in-oberhausen","status":"publish","type":"post","link":"https:\/\/meier-gerdingh.de\/wp-spd-ob\/2016\/02\/19\/foerderung-der-inklusion-in-oberhausen\/","title":{"rendered":"F\u00f6rderung der Inklusion in Oberhausen"},"content":{"rendered":"<p><a href=\"http:\/\/meier-gerdingh.de\/wp-spd-ob\/wp-content\/uploads\/banner_ampelkoalition.png\" rel=\"attachment wp-att-3065\"><img decoding=\"async\" class=\"aligncenter size-full wp-image-3065\" src=\"http:\/\/meier-gerdingh.de\/wp-spd-ob\/wp-content\/uploads\/banner_ampelkoalition.png\" alt=\"banner_ampelkoalition\" width=\"600\" height=\"203\" srcset=\"https:\/\/meier-gerdingh.de\/wp-spd-ob\/wp-content\/uploads\/banner_ampelkoalition.png 600w, https:\/\/meier-gerdingh.de\/wp-spd-ob\/wp-content\/uploads\/banner_ampelkoalition-300x102.png 300w\" sizes=\"(max-width: 600px) 100vw, 600px\" \/><\/a>Das geplante Inklusionsfest, das eigentlich am 5. Mai anstehen sollte, droht auszufallen. Aus diesem Grund beantragte die Koalition aus SPD, GR\u00dcNE und FDP eine Aktuelle Stunde f\u00fcr die letzte Ratssitzung. Die Politik lehnte in dieser Sitzung eine Absage dieses Festes konsequent ab. &#8222;Leider wurden wir in diesem Zusammenhang auf zwei bedauernswerte Missst\u00e4nde aufmerksam. Im Rathaus gibt es keine barrierefreie Toilette auf der zweiten Etage, obwohl es ein Mitglied der Bezirksvertretung Alt-Oberhausen gibt, das im Rollstuhl sitzt&#8220;, so Klaus K\u00f6sling, Sprecher der SPD-Fraktion im Beirat f\u00fcr Menschen mit Behinderung. &#8222;Sowas kann und darf nicht sein!&#8220;, erkl\u00e4rte Andreas Blanke, sozialpolitischer Sprecher der Fraktion DIE GR\u00dcNEN.<!--more--><\/p>\n<p>&#8222;Aber das war leider noch nicht die Spitze des Eisbergs&#8220;, so K\u00f6sling. Das B\u00fcro f\u00fcr Chancengleichheit, welches f\u00fcr Inklusion zust\u00e4ndig ist, besitzt keinen barrierefreien Zugang oder eine Klingel. &#8222;Ein Zustand, der so nicht hinnehmbar ist&#8220;, machte Regina Boos von der FDP deutlich.<\/p>\n<p>Aus diesem Grund stellt die Ampelkoalition einen Antrag an die Verwaltung, um zu pr\u00fcfen, inwieweit diese Ma\u00dfnahmen mit gef\u00f6rderten Mitteln des LVR realisiert werden k\u00f6nnen. Des Weiteren soll eine st\u00e4ndige personenunabh\u00e4ngige Aufgabenwahrnehmung sichergestellt werden. Ein Fehlen durch krankheits- oder urlaubsbedingte Ausf\u00e4lle darf nicht dazu f\u00fchren, dass wichtige Projekte drohen auszufallen.<\/p>\n","protected":false},"excerpt":{"rendered":"<p>Das geplante Inklusionsfest, das eigentlich am 5. Mai anstehen sollte, droht auszufallen. Aus diesem Grund beantragte die Koalition aus SPD, GR\u00dcNE und FDP eine Aktuelle Stunde f\u00fcr die letzte Ratssitzung.&hellip; <\/p>\n","protected":false},"author":1,"featured_media":0,"comment_status":"closed","ping_status":"closed","sticky":false,"template":"","format":"standard","meta":{"footnotes":""},"categories":[589],"tags":[678,526,399,680,677,3,679,676,215],"quellen":[326],"class_list":["post-3064","post","type-post","status-publish","format-standard","hentry","category-inklusion","tag-aktuelle-stunde","tag-ampelkoalition","tag-barrierefreiheit","tag-beirat-fuer-menshen-mit-behinderung","tag-buero-fuer-chancengleichheit","tag-inklusion","tag-inklusionsfest","tag-landschaftsverband-rheinland","tag-lvr","quellen-spd-fraktion-oberhausen"],"_links":{"self":[{"href":"https:\/\/meier-gerdingh.de\/wp-spd-ob\/wp-json\/wp\/v2\/posts\/3064","targetHints":{"allow":["GET"]}}],"collection":[{"href":"https:\/\/meier-gerdingh.de\/wp-spd-ob\/wp-json\/wp\/v2\/posts"}],"about":[{"href":"https:\/\/meier-gerdingh.de\/wp-spd-ob\/wp-json\/wp\/v2\/types\/post"}],"author":[{"embeddable":true,"href":"https:\/\/meier-gerdingh.de\/wp-spd-ob\/wp-json\/wp\/v2\/users\/1"}],"replies":[{"embeddable":true,"href":"https:\/\/meier-gerdingh.de\/wp-spd-ob\/wp-json\/wp\/v2\/comments?post=3064"}],"version-history":[{"count":0,"href":"https:\/\/meier-gerdingh.de\/wp-spd-ob\/wp-json\/wp\/v2\/posts\/3064\/revisions"}],"wp:attachment":[{"href":"https:\/\/meier-gerdingh.de\/wp-spd-ob\/wp-json\/wp\/v2\/media?parent=3064"}],"wp:term":[{"taxonomy":"category","embeddable":true,"href":"https:\/\/meier-gerdingh.de\/wp-spd-ob\/wp-json\/wp\/v2\/categories?post=3064"},{"taxonomy":"post_tag","embeddable":true,"href":"https:\/\/meier-gerdingh.de\/wp-spd-ob\/wp-json\/wp\/v2\/tags?post=3064"},{"taxonomy":"quellen","embeddable":true,"href":"https:\/\/meier-gerdingh.de\/wp-spd-ob\/wp-json\/wp\/v2\/quellen?post=3064"}],"curies":[{"name":"wp","href":"https:\/\/api.w.org\/{rel}","templated":true}]}}