{"id":3067,"date":"2016-02-22T13:22:15","date_gmt":"2016-02-22T11:22:15","guid":{"rendered":"http:\/\/www.meier-gerdingh.de\/spd-oberhausen\/wp\/?p=3067"},"modified":"2016-02-22T13:22:48","modified_gmt":"2016-02-22T11:22:48","slug":"helmuth-eidam-ist-neuer-vorsitzender","status":"publish","type":"post","link":"https:\/\/meier-gerdingh.de\/wp-spd-ob\/2016\/02\/22\/helmuth-eidam-ist-neuer-vorsitzender\/","title":{"rendered":"Helmuth Eidam zum neuen Vorsitzenden gew\u00e4hlt"},"content":{"rendered":"<p>Nach 10-j\u00e4hrigem Vorsitz des Ortsvereins Alsfeld-Holten \u00fcbergab Olaf Rabsilber den Vorsitz an Helmuth Eidam. In seinem letzten Jahresbericht hob er noch einmal die Kommunal- und Oberb\u00fcrgermeisterwahl hervor. Hier galt sein ausdr\u00fccklicher Dank den Kandidatinnen und Kandidaten sowie allen aktiven Wahlhelfern. Leider ist bei beiden Wahlen festzustellen gewesen, dass wir doch eine sehr niedrige Wahlbeteiligung zu verzeichnen hatten. Ein Signal an alle Politiker, das ernst genommen werden muss.<!--more--><\/p>\n<p>Die anschlie\u00dfende Entlastung des Vorstandes erfolgte einstimmig.<\/p>\n<p>Bei den Wahlen wurden folgende Kandidatinnen und Kandidaten gew\u00e4hlt:<\/p>\n<p>Den <strong>Vorsitz<\/strong> \u00fcbernimmt Helmuth Eidam, seine <strong>Stellvertreter\/in<\/strong> sind Anja K\u00f6sling und Kai Wesely; als <strong>Kassierer<\/strong> und <strong>Stellvertretender Kassierer<\/strong> wurden Klaus K\u00f6sling und Ugur Coskun gew\u00e4hlt.<\/p>\n<p><strong>Schriftf\u00fchrer<\/strong> ist Lukas K\u00f6sling und <strong>Stellvertretender Schriftf\u00fchrer<\/strong> Michael Pfitzner.<\/p>\n<p>Des weiteren wurden <strong>neun Beisitzer<\/strong> gew\u00e4hlt: <\/p>\n<ul>\n<li>Helmut Broderick<\/li>\n<li>Olaf Rabsilber<\/li>\n<li>Anne Jan\u00dfen<\/li>\n<li>Dieter Jan\u00dfen<\/li>\n<li>Maria Guthoff<\/li>\n<li>Sabine Janclas<\/li>\n<li>J\u00f6rg Chlebowski<\/li>\n<li>Karsten Jurzig<\/li>\n<li>Hans-G\u00fcnter Wrobel<\/li>\n<\/ul>\n<p>Anja K\u00f6sling, Ugur Coskun und Karsten Jurzig wurden als <strong>Delegierte f\u00fcr den Unterbezirksausschuss<\/strong> gew\u00e4hlt.<\/p>\n","protected":false},"excerpt":{"rendered":"<p>Nach 10-j\u00e4hrigem Vorsitz des Ortsvereins Alsfeld-Holten \u00fcbergab Olaf Rabsilber den Vorsitz an Helmuth Eidam. In seinem letzten Jahresbericht hob er noch einmal die Kommunal- und Oberb\u00fcrgermeisterwahl hervor. Hier galt sein&hellip; <\/p>\n","protected":false},"author":1,"featured_media":0,"comment_status":"closed","ping_status":"closed","sticky":false,"template":"","format":"standard","meta":{"footnotes":""},"categories":[173],"tags":[71,681],"quellen":[336],"class_list":["post-3067","post","type-post","status-publish","format-standard","hentry","category-parteileben","tag-jahreshauptversammlung","tag-vorstandswahlen","quellen-ov-alsfeld-holten"],"_links":{"self":[{"href":"https:\/\/meier-gerdingh.de\/wp-spd-ob\/wp-json\/wp\/v2\/posts\/3067","targetHints":{"allow":["GET"]}}],"collection":[{"href":"https:\/\/meier-gerdingh.de\/wp-spd-ob\/wp-json\/wp\/v2\/posts"}],"about":[{"href":"https:\/\/meier-gerdingh.de\/wp-spd-ob\/wp-json\/wp\/v2\/types\/post"}],"author":[{"embeddable":true,"href":"https:\/\/meier-gerdingh.de\/wp-spd-ob\/wp-json\/wp\/v2\/users\/1"}],"replies":[{"embeddable":true,"href":"https:\/\/meier-gerdingh.de\/wp-spd-ob\/wp-json\/wp\/v2\/comments?post=3067"}],"version-history":[{"count":0,"href":"https:\/\/meier-gerdingh.de\/wp-spd-ob\/wp-json\/wp\/v2\/posts\/3067\/revisions"}],"wp:attachment":[{"href":"https:\/\/meier-gerdingh.de\/wp-spd-ob\/wp-json\/wp\/v2\/media?parent=3067"}],"wp:term":[{"taxonomy":"category","embeddable":true,"href":"https:\/\/meier-gerdingh.de\/wp-spd-ob\/wp-json\/wp\/v2\/categories?post=3067"},{"taxonomy":"post_tag","embeddable":true,"href":"https:\/\/meier-gerdingh.de\/wp-spd-ob\/wp-json\/wp\/v2\/tags?post=3067"},{"taxonomy":"quellen","embeddable":true,"href":"https:\/\/meier-gerdingh.de\/wp-spd-ob\/wp-json\/wp\/v2\/quellen?post=3067"}],"curies":[{"name":"wp","href":"https:\/\/api.w.org\/{rel}","templated":true}]}}