{"id":309,"date":"2003-12-03T17:00:00","date_gmt":"2003-12-03T15:00:00","guid":{"rendered":"http:\/\/www.meier-gerdingh.de\/spd-oberhausen\/wp\/?p=309"},"modified":"2017-05-14T14:16:11","modified_gmt":"2017-05-14T12:16:11","slug":"verstaerkte-zusammenarbeit-zwischen-schule-und-jugendbereich-ist-eine-grosse-chance-fuer-alle-beteiligten","status":"publish","type":"post","link":"https:\/\/meier-gerdingh.de\/wp-spd-ob\/2003\/12\/03\/verstaerkte-zusammenarbeit-zwischen-schule-und-jugendbereich-ist-eine-grosse-chance-fuer-alle-beteiligten\/","title":{"rendered":"Verst\u00e4rkte Zusammenarbeit zwischen Schule und Jugendbereich ist eine gro\u00dfe Chance f\u00fcr alle Beteiligten"},"content":{"rendered":"<div style=\"width: 150px\" class=\"wp-caption alignleft\"><a href=\"http:\/\/meier-gerdingh.de\/wp-spd-ob\/wp-content\/uploads\/motschull.jpg\"><img decoding=\"async\" class=\"size-full\" src=\"http:\/\/meier-gerdingh.de\/wp-spd-ob\/wp-content\/uploads\/motschull.jpg\" alt=\"Frank Motschull ist der sozialpolitische Sprecher der SPD-Fraktion\" width=\"140\" height=\"190\" \/><\/a><p class=\"wp-caption-text\">Frank Motschull ist der sozialpolitische Sprecher der SPD-Fraktion<\/p><\/div>\n<p>Reichlich Gegenwind zu sp\u00fcren bekam NRW-Jugendministerin Ute Sch\u00e4fer bei einem Treffen mit jugendpolitischen Sprechern von SPD-Ratsfraktionen, an dem auch Frank Motschull, Leiter des Arbeitskreises Jugend und Soziales der Oberhausener SPD-Fraktion, teilnahm. Dort musste sich Ute Sch\u00e4fer von ihren Parteifreunden teilweise harsche Kritik wegen der geplanten K\u00fcrzungen im Jugendbereich anh\u00f6ren.<!--more--><\/p>\n<p>Frank Motschull: &#8222;Wir haben der Ministerin konkret dargestellt, welche Auswirkungen die Sparma\u00dfnahmen auf die Jugendarbeit der Kommunen und der freien Tr\u00e4ger vor Ort haben w\u00fcrden. Geplante K\u00fcrzungen von bis zu 50 Prozent allein beim Landesjugendplan k\u00f6nnen weder von einer Stadt, geschweige denn von den freien Tr\u00e4gern aufgefangen werden. Das geht an den Lebensnerv.&#8220;<\/p>\n<p>Ausdr\u00fccklich begr\u00fc\u00dft Frank Motschull deshalb die Entscheidung der SPD-Landtagsfraktion, die Haushaltsans\u00e4tze beim Landesjugendplan f\u00fcr die Jahre 2004 und 2005 um zweistellige Millionenbetr\u00e4ge aufzustocken: &#8222;Ich bin sehr froh, dass die SPD-Fraktion die \u00f6ffentlich artikulierten Existenz\u00e4ngste vieler freier Tr\u00e4ger Ernst genommen und trotz der extrem schwierigen Finanzlage ein deutliches soziales Ausrufezeichen gesetzt hat.&#8220;<\/p>\n<p>Die von der Landesregierung beabsichtigte sehr viel engere Zusammenarbeit zwischen den Schulen und den Kinder- und Jugendeinrichtungen im Rahmen des Projektes offene Ganztagsschule m\u00fcsse als gro\u00dfe Chance begriffen werden, von der alle Beteiligten letztlich profitieren w\u00fcrden: Die offenen Ganztagsschulen k\u00f6nnten auf diese Weise qualifizierte sozialp\u00e4dagogische F\u00f6rderung und Betreuung auf hohem Niveau anbieten, w\u00e4hrend sich den Jugendverb\u00e4nden und Jugendeinrichtungen ein wichtiges neues Bet\u00e4tigungsfeld mit guten Zukunftsperspektiven er\u00f6ffne.<\/p>\n<p>Der Arbeitskreis Jugend und Soziales, so Frank Motschull abschlie\u00dfend, werde sich nun gemeinsam mit dem AK Schule intensiv mit dem Projekt besch\u00e4ftigen, um die Voraussetzungen f\u00fcr eine erfolgreiche Umsetzung in Oberhausen zu schaffen.<\/p>\n","protected":false},"excerpt":{"rendered":"<p>Reichlich Gegenwind zu sp\u00fcren bekam NRW-Jugendministerin Ute Sch\u00e4fer bei einem Treffen mit jugendpolitischen Sprechern von SPD-Ratsfraktionen, an dem auch Frank Motschull, Leiter des Arbeitskreises Jugend und Soziales der Oberhausener SPD-Fraktion,&hellip; <\/p>\n","protected":false},"author":1,"featured_media":0,"comment_status":"closed","ping_status":"closed","sticky":false,"template":"","format":"standard","meta":{"footnotes":""},"categories":[1],"tags":[],"quellen":[],"class_list":["post-309","post","type-post","status-publish","format-standard","hentry","category-allgemein"],"_links":{"self":[{"href":"https:\/\/meier-gerdingh.de\/wp-spd-ob\/wp-json\/wp\/v2\/posts\/309","targetHints":{"allow":["GET"]}}],"collection":[{"href":"https:\/\/meier-gerdingh.de\/wp-spd-ob\/wp-json\/wp\/v2\/posts"}],"about":[{"href":"https:\/\/meier-gerdingh.de\/wp-spd-ob\/wp-json\/wp\/v2\/types\/post"}],"author":[{"embeddable":true,"href":"https:\/\/meier-gerdingh.de\/wp-spd-ob\/wp-json\/wp\/v2\/users\/1"}],"replies":[{"embeddable":true,"href":"https:\/\/meier-gerdingh.de\/wp-spd-ob\/wp-json\/wp\/v2\/comments?post=309"}],"version-history":[{"count":0,"href":"https:\/\/meier-gerdingh.de\/wp-spd-ob\/wp-json\/wp\/v2\/posts\/309\/revisions"}],"wp:attachment":[{"href":"https:\/\/meier-gerdingh.de\/wp-spd-ob\/wp-json\/wp\/v2\/media?parent=309"}],"wp:term":[{"taxonomy":"category","embeddable":true,"href":"https:\/\/meier-gerdingh.de\/wp-spd-ob\/wp-json\/wp\/v2\/categories?post=309"},{"taxonomy":"post_tag","embeddable":true,"href":"https:\/\/meier-gerdingh.de\/wp-spd-ob\/wp-json\/wp\/v2\/tags?post=309"},{"taxonomy":"quellen","embeddable":true,"href":"https:\/\/meier-gerdingh.de\/wp-spd-ob\/wp-json\/wp\/v2\/quellen?post=309"}],"curies":[{"name":"wp","href":"https:\/\/api.w.org\/{rel}","templated":true}]}}