{"id":3090,"date":"2016-03-18T17:26:21","date_gmt":"2016-03-18T15:26:21","guid":{"rendered":"http:\/\/www.meier-gerdingh.de\/spd-oberhausen\/wp\/?p=3090"},"modified":"2016-12-27T14:58:33","modified_gmt":"2016-12-27T13:58:33","slug":"sachliche-diskussion-in-der-schulpolitik-erforderlich","status":"publish","type":"post","link":"https:\/\/meier-gerdingh.de\/wp-spd-ob\/2016\/03\/18\/sachliche-diskussion-in-der-schulpolitik-erforderlich\/","title":{"rendered":"&#8222;Sachliche Diskussion in der Schulpolitik erforderlich!&#8220;"},"content":{"rendered":"<div id=\"attachment_1410\" style=\"width: 150px\" class=\"wp-caption alignleft\"><a href=\"http:\/\/meier-gerdingh.de\/wp-spd-ob\/wp-content\/uploads\/grosse_broemer_wolfgang_14.jpg\"><img aria-describedby=\"caption-attachment-1410\" decoding=\"async\" class=\"size-full wp-image-1410\" src=\"http:\/\/meier-gerdingh.de\/wp-spd-ob\/wp-content\/uploads\/grosse_broemer_wolfgang_14.jpg\" alt=\"Wolfgang Gro\u00dfe Br\u00f6mer ist Vorsitzender der SPD-Ratsfraktion und Mitglied des Landtags von Nordrhein-Westfalen\" width=\"140\" height=\"169\" \/><\/a><p id=\"caption-attachment-1410\" class=\"wp-caption-text\">Wolfgang Gro\u00dfe Br\u00f6mer ist Vorsitzender der SPD-Ratsfraktion und Mitglied des Landtags von Nordrhein-Westfalen<\/p><\/div>\n<p>Eine sachliche Diskussion fordert Wolfgang Gro\u00dfe Br\u00f6mer, der Vorsitzende des st\u00e4dtischen Schulausschusses: &#8222;Eine gerechte Verteilung der vorhandenen Aufnahmepl\u00e4tze an den Oberhausener Schulen ist zu wichtig und darf nicht zum Gegenstand von politischen Machtspielchen gemacht werden.&#8220;<\/p>\n<p>Wenn nun die Unterzeichnerinnen und Unterzeichner aus dem Schulausschuss eine Sondersitzung des Rates beantragen, sei das ihr gutes Recht. Man solle aber dann auch die Chance zu einer sachgerechten Vorbereitung der anstehenden Entscheidung nutzen. Offensichtlich falsch sei allerdings die Behauptung von Frau Stehr, dass die Gymnasialleiter bisher schon einvernehmlich die anstehenden Probleme gel\u00f6st h\u00e4tten.<!--more--><\/p>\n<p>&#8222;In diesem Jahr geht es um die Erh\u00f6hung der Z\u00fcgigkeit von Schulen. Das ist eine v\u00f6llig neue Qualit\u00e4t der Entscheidung, die der Schultr\u00e4ger verantwortungsbewusst nach umfassender Pr\u00fcfung s\u00e4mtlicher Folgewirkungen treffen muss.&#8220; Der pauschale Vorwurf der Ignoranz, den Frau Stehr gegen Verwaltung und Koalition ge\u00e4u\u00dfert hat, sei f\u00fcr einen sachlichen Beratungsprozess sicherlich wenig zielf\u00fchrend.<\/p>\n","protected":false},"excerpt":{"rendered":"<p>Eine sachliche Diskussion fordert Wolfgang Gro\u00dfe Br\u00f6mer, der Vorsitzende des st\u00e4dtischen Schulausschusses: &#8222;Eine gerechte Verteilung der vorhandenen Aufnahmepl\u00e4tze an den Oberhausener Schulen ist zu wichtig und darf nicht zum Gegenstand&hellip; <\/p>\n","protected":false},"author":1,"featured_media":0,"comment_status":"closed","ping_status":"closed","sticky":false,"template":"","format":"standard","meta":{"footnotes":""},"categories":[231],"tags":[516,517,690,691],"quellen":[326],"class_list":["post-3090","post","type-post","status-publish","format-standard","hentry","category-bildung","tag-bildungsplan","tag-schulentwicklungsplan","tag-schulentwicklungsplanung","tag-zuegigkeit-von-schulen","quellen-spd-fraktion-oberhausen"],"_links":{"self":[{"href":"https:\/\/meier-gerdingh.de\/wp-spd-ob\/wp-json\/wp\/v2\/posts\/3090","targetHints":{"allow":["GET"]}}],"collection":[{"href":"https:\/\/meier-gerdingh.de\/wp-spd-ob\/wp-json\/wp\/v2\/posts"}],"about":[{"href":"https:\/\/meier-gerdingh.de\/wp-spd-ob\/wp-json\/wp\/v2\/types\/post"}],"author":[{"embeddable":true,"href":"https:\/\/meier-gerdingh.de\/wp-spd-ob\/wp-json\/wp\/v2\/users\/1"}],"replies":[{"embeddable":true,"href":"https:\/\/meier-gerdingh.de\/wp-spd-ob\/wp-json\/wp\/v2\/comments?post=3090"}],"version-history":[{"count":0,"href":"https:\/\/meier-gerdingh.de\/wp-spd-ob\/wp-json\/wp\/v2\/posts\/3090\/revisions"}],"wp:attachment":[{"href":"https:\/\/meier-gerdingh.de\/wp-spd-ob\/wp-json\/wp\/v2\/media?parent=3090"}],"wp:term":[{"taxonomy":"category","embeddable":true,"href":"https:\/\/meier-gerdingh.de\/wp-spd-ob\/wp-json\/wp\/v2\/categories?post=3090"},{"taxonomy":"post_tag","embeddable":true,"href":"https:\/\/meier-gerdingh.de\/wp-spd-ob\/wp-json\/wp\/v2\/tags?post=3090"},{"taxonomy":"quellen","embeddable":true,"href":"https:\/\/meier-gerdingh.de\/wp-spd-ob\/wp-json\/wp\/v2\/quellen?post=3090"}],"curies":[{"name":"wp","href":"https:\/\/api.w.org\/{rel}","templated":true}]}}