{"id":3092,"date":"2016-03-23T17:33:42","date_gmt":"2016-03-23T15:33:42","guid":{"rendered":"http:\/\/www.meier-gerdingh.de\/spd-oberhausen\/wp\/?p=3092"},"modified":"2016-12-27T14:59:05","modified_gmt":"2016-12-27T13:59:05","slug":"spd-ortsverein-osterfeld-macht-fruehjahrsputz","status":"publish","type":"post","link":"https:\/\/meier-gerdingh.de\/wp-spd-ob\/2016\/03\/23\/spd-ortsverein-osterfeld-macht-fruehjahrsputz\/","title":{"rendered":"SPD-Ortsverein Osterfeld macht Fr\u00fchjahrsputz"},"content":{"rendered":"<div id=\"attachment_1481\" style=\"width: 150px\" class=\"wp-caption alignleft\"><a href=\"http:\/\/meier-gerdingh.de\/wp-spd-ob\/wp-content\/uploads\/krey_thomas_14.jpg\"><img aria-describedby=\"caption-attachment-1481\" decoding=\"async\" class=\"size-full wp-image-1481\" src=\"http:\/\/meier-gerdingh.de\/wp-spd-ob\/wp-content\/uploads\/krey_thomas_14.jpg\" alt=\"Thomas Krey: Vorsitzender der SPD Osterfeld und Bezirksb\u00fcrgermeister von Osterfeld\" width=\"140\" height=\"169\" \/><\/a><p id=\"caption-attachment-1481\" class=\"wp-caption-text\">Thomas Krey: Vorsitzender der SPD Osterfeld und Bezirksb\u00fcrgermeister von Osterfeld<\/p><\/div>\n<p>In den Anfangszeiten von &#8222;Super Sauber Oberhausen&#8220; haben sich ca. 780 B\u00fcrgerinnen und B\u00fcrger an der Sammelaktion beteiligt. Die Anzahl der Teilnehmer ist \u00fcber die Jahre stetig gestiegen. Waren es 2004 noch 36 Aktionen, sind es im Jahr 2015 schon 141 mit 4600 Teilnehmern. Wie in den vergangenen Jahren beteiligte sich auch in diesem Jahr der SPD-Ortsverein Osterfeld mit dem Bezirksb\u00fcrgermeister Thomas Krey an der Sammelaktion.<!--more--><\/p>\n<p>Durch B\u00fcrgerinnen und B\u00fcrger sowie durch Mitglieder des Ortsvereins Osterfeld wurde mit Blick auf &#8222;Super Sauber Oberhausen&#8220; auf den stark verm\u00fcllten Bereich des Weges zwischen Rheinische Stra\u00dfe und Kampstra\u00dfe in Osterfeld aufmerksam gemacht. Der Einsatzort war somit bestimmt.<\/p>\n<p>Am 12. M\u00e4rz trafen sich die Helferinnen und Helfer gut gelaunt um 10.00 Uhr und befreiten die Wege, das Begleitgr\u00fcn sowie die Geb\u00fcsche von Unrat, der achtlos weggeworfen oder liegen gelassen wurde. Wie in den vergangenen Jahren kamen eine Menge gef\u00fcllte M\u00fclls\u00e4cke zusammen. Dazu fanden sich viele Glasflaschen, ein Teil einer Couch, Farbeimer, Gartenschl\u00e4uche und ein Rad.<\/p>\n<p>W\u00e4hrend des Zusammentragens der M\u00fclls\u00e4cke zur Sammelstelle, wurde von den Helferinnen und Helfer das Unverst\u00e4ndnis dar\u00fcber zum Ausdruck gebracht, wie manche Menschen ihren M\u00fcll unbedacht in der Natur entsorgen. Umso erfreulicher ist das Engagement jedes Einzelnen, der sich am Fr\u00fchjahresputz beteiligt.<\/p>\n<p>Nach vollbrachter Arbeit gab es f\u00fcr die Helfer noch was f\u00fcr das leibliche Wohl und sie freuten sich \u00fcber die gelungene Aktion.<\/p>\n","protected":false},"excerpt":{"rendered":"<p>In den Anfangszeiten von &#8222;Super Sauber Oberhausen&#8220; haben sich ca. 780 B\u00fcrgerinnen und B\u00fcrger an der Sammelaktion beteiligt. Die Anzahl der Teilnehmer ist \u00fcber die Jahre stetig gestiegen. Waren es&hellip; <\/p>\n","protected":false},"author":1,"featured_media":0,"comment_status":"closed","ping_status":"closed","sticky":false,"template":"","format":"standard","meta":{"footnotes":""},"categories":[173],"tags":[114,115],"quellen":[339],"class_list":["post-3092","post","type-post","status-publish","format-standard","hentry","category-parteileben","tag-sauberkeit","tag-super-sauber-oberhausen","quellen-ov-osterfeld"],"_links":{"self":[{"href":"https:\/\/meier-gerdingh.de\/wp-spd-ob\/wp-json\/wp\/v2\/posts\/3092","targetHints":{"allow":["GET"]}}],"collection":[{"href":"https:\/\/meier-gerdingh.de\/wp-spd-ob\/wp-json\/wp\/v2\/posts"}],"about":[{"href":"https:\/\/meier-gerdingh.de\/wp-spd-ob\/wp-json\/wp\/v2\/types\/post"}],"author":[{"embeddable":true,"href":"https:\/\/meier-gerdingh.de\/wp-spd-ob\/wp-json\/wp\/v2\/users\/1"}],"replies":[{"embeddable":true,"href":"https:\/\/meier-gerdingh.de\/wp-spd-ob\/wp-json\/wp\/v2\/comments?post=3092"}],"version-history":[{"count":0,"href":"https:\/\/meier-gerdingh.de\/wp-spd-ob\/wp-json\/wp\/v2\/posts\/3092\/revisions"}],"wp:attachment":[{"href":"https:\/\/meier-gerdingh.de\/wp-spd-ob\/wp-json\/wp\/v2\/media?parent=3092"}],"wp:term":[{"taxonomy":"category","embeddable":true,"href":"https:\/\/meier-gerdingh.de\/wp-spd-ob\/wp-json\/wp\/v2\/categories?post=3092"},{"taxonomy":"post_tag","embeddable":true,"href":"https:\/\/meier-gerdingh.de\/wp-spd-ob\/wp-json\/wp\/v2\/tags?post=3092"},{"taxonomy":"quellen","embeddable":true,"href":"https:\/\/meier-gerdingh.de\/wp-spd-ob\/wp-json\/wp\/v2\/quellen?post=3092"}],"curies":[{"name":"wp","href":"https:\/\/api.w.org\/{rel}","templated":true}]}}