{"id":3094,"date":"2016-03-25T08:42:48","date_gmt":"2016-03-25T06:42:48","guid":{"rendered":"http:\/\/www.meier-gerdingh.de\/spd-oberhausen\/wp\/?p=3094"},"modified":"2016-05-25T08:48:56","modified_gmt":"2016-05-25T06:48:56","slug":"11-millionen-euro-fuer-oberhausen","status":"publish","type":"post","link":"https:\/\/meier-gerdingh.de\/wp-spd-ob\/2016\/03\/25\/11-millionen-euro-fuer-oberhausen\/","title":{"rendered":"1,1 Millionen Euro f\u00fcr Oberhausen"},"content":{"rendered":"<p>Oberhausens Kinderg\u00e4rten erhalten 1,1 Millionen Euro vom Land, teilen Wolfgang Gro\u00dfe Br\u00f6mer und Stefan Zimkeit mit. &#8222;Damit treibt NRW den Ausbau von Pl\u00e4tzen f\u00fcr \u00dcber-3-j\u00e4hrige Kinder weiter voran&#8220;, sagt Zimkeit, der dem zust\u00e4ndigen Landtagsausschuss angeh\u00f6rt.<\/p>\n<p>Neben der parallel weitergehenden Aufweitung des Kita-Angebots f\u00fcr Unter-3-j\u00e4hrige (U3) werden die Kommunen und Kindergarten-Tr\u00e4ger jetzt auch bei den Investitionen f\u00fcr Drei- bis Sechsj\u00e4hrige (\u00dc3) unterst\u00fctzt. Damit reagiert NRW auf die zuletzt wieder steigenden Geburtenzahlen und zu uns kommende Fl\u00fcchtlingskinder. Landesweit sind daf\u00fcr 100 Millionen Euro vorgesehen, von denen Oberhausen jetzt 1,1 Millionen Euro f\u00fcr konkrete Bauprojekte beantragen kann. Die Mittel dieses \u00dc3-Investitionsprogramms k\u00f6nnen bis Ende 2019 verwendet werden.<\/p>\n","protected":false},"excerpt":{"rendered":"<p>Oberhausens Kinderg\u00e4rten erhalten 1,1 Millionen Euro vom Land, teilen Wolfgang Gro\u00dfe Br\u00f6mer und Stefan Zimkeit mit. &#8222;Damit treibt NRW den Ausbau von Pl\u00e4tzen f\u00fcr \u00dcber-3-j\u00e4hrige Kinder weiter voran&#8220;, sagt Zimkeit,&hellip; <\/p>\n","protected":false},"author":1,"featured_media":0,"comment_status":"closed","ping_status":"closed","sticky":false,"template":"","format":"standard","meta":{"footnotes":""},"categories":[179],"tags":[695,5,224,694,696],"quellen":[326],"class_list":["post-3094","post","type-post","status-publish","format-standard","hentry","category-kinder-und-jugendliche","tag-fluechtlingskinder","tag-landesfoerderung","tag-u3","tag-u3-betreuung-kindertageseinrichtungen","tag-ue3-investitionsprogramm","quellen-spd-fraktion-oberhausen"],"_links":{"self":[{"href":"https:\/\/meier-gerdingh.de\/wp-spd-ob\/wp-json\/wp\/v2\/posts\/3094","targetHints":{"allow":["GET"]}}],"collection":[{"href":"https:\/\/meier-gerdingh.de\/wp-spd-ob\/wp-json\/wp\/v2\/posts"}],"about":[{"href":"https:\/\/meier-gerdingh.de\/wp-spd-ob\/wp-json\/wp\/v2\/types\/post"}],"author":[{"embeddable":true,"href":"https:\/\/meier-gerdingh.de\/wp-spd-ob\/wp-json\/wp\/v2\/users\/1"}],"replies":[{"embeddable":true,"href":"https:\/\/meier-gerdingh.de\/wp-spd-ob\/wp-json\/wp\/v2\/comments?post=3094"}],"version-history":[{"count":0,"href":"https:\/\/meier-gerdingh.de\/wp-spd-ob\/wp-json\/wp\/v2\/posts\/3094\/revisions"}],"wp:attachment":[{"href":"https:\/\/meier-gerdingh.de\/wp-spd-ob\/wp-json\/wp\/v2\/media?parent=3094"}],"wp:term":[{"taxonomy":"category","embeddable":true,"href":"https:\/\/meier-gerdingh.de\/wp-spd-ob\/wp-json\/wp\/v2\/categories?post=3094"},{"taxonomy":"post_tag","embeddable":true,"href":"https:\/\/meier-gerdingh.de\/wp-spd-ob\/wp-json\/wp\/v2\/tags?post=3094"},{"taxonomy":"quellen","embeddable":true,"href":"https:\/\/meier-gerdingh.de\/wp-spd-ob\/wp-json\/wp\/v2\/quellen?post=3094"}],"curies":[{"name":"wp","href":"https:\/\/api.w.org\/{rel}","templated":true}]}}