{"id":3095,"date":"2016-03-30T08:49:02","date_gmt":"2016-03-30T06:49:02","guid":{"rendered":"http:\/\/www.meier-gerdingh.de\/spd-oberhausen\/wp\/?p=3095"},"modified":"2016-12-27T14:59:37","modified_gmt":"2016-12-27T13:59:37","slug":"nrw-landtag-praesentiert-sich-auf-dem-sterkrader-wochenmarkt","status":"publish","type":"post","link":"https:\/\/meier-gerdingh.de\/wp-spd-ob\/2016\/03\/30\/nrw-landtag-praesentiert-sich-auf-dem-sterkrader-wochenmarkt\/","title":{"rendered":"NRW-Landtag pr\u00e4sentiert sich auf dem Sterkrader Wochenmarkt"},"content":{"rendered":"<div id=\"attachment_1484\" style=\"width: 150px\" class=\"wp-caption alignleft\"><a href=\"http:\/\/meier-gerdingh.de\/wp-spd-ob\/wp-content\/uploads\/landtagganz1.jpg\"><img aria-describedby=\"caption-attachment-1484\" decoding=\"async\" class=\"size-full wp-image-1484\" src=\"http:\/\/meier-gerdingh.de\/wp-spd-ob\/wp-content\/uploads\/landtagganz1.jpg\" alt=\"Der Landtag von Nordrhein-Westfalen.\" width=\"140\" height=\"187\" \/><\/a><p id=\"caption-attachment-1484\" class=\"wp-caption-text\">Der Landtag von Nordrhein-Westfalen.<\/p><\/div>\n<p>Am Mittwoch, 6. April 2016, wird ein aufw\u00e4ndiger Stand auf dem Sterkrader Wochenmarkt (Bahnhof- \/ Ecke Steinbrinkstra\u00dfe) \u00fcber die Arbeit der Oberhausener Wahlkreisabgeordneten im Landtag informieren. Von 10 bis 12 Uhr werden die Parlamentsmitglieder Wolfgang Gro\u00dfe Br\u00f6mer und Stefan Zimkeit gemeinsam mit Mitarbeitern der SPD-Landtagsfraktion Fragen beantworten und erl\u00e4utern, wie die Landtagsarbeit aussieht.<\/p>\n<p>&#8222;Beste Bildung&#8220;, &#8222;starke Wirtschaft&#8220; und &#8222;lebenswertes Zuhause&#8220; hei\u00dfen drei sozialdemokratische Themenschwerpunkte, die der Infostand pr\u00e4sentiert. Attraktive Informationselemente, Abstimmungss\u00e4ulen und ein Gl\u00fccksrad laden dazu ein, selbst aktiv zu werden. Ein Spieltisch erm\u00f6glicht es Kindern, ihren Stadtteil selbst zu bauen.<\/p>\n","protected":false},"excerpt":{"rendered":"<p>Am Mittwoch, 6. April 2016, wird ein aufw\u00e4ndiger Stand auf dem Sterkrader Wochenmarkt (Bahnhof- \/ Ecke Steinbrinkstra\u00dfe) \u00fcber die Arbeit der Oberhausener Wahlkreisabgeordneten im Landtag informieren. Von 10 bis 12&hellip; <\/p>\n","protected":false},"author":1,"featured_media":0,"comment_status":"closed","ping_status":"closed","sticky":false,"template":"","format":"standard","meta":{"footnotes":""},"categories":[216],"tags":[219,46,697],"quellen":[331,329],"class_list":["post-3095","post","type-post","status-publish","format-standard","hentry","category-land","tag-landtag-nrw","tag-sterkrade","tag-sterkrader-wochenmarkt","quellen-mdl-stefan-zimkeit","quellen-mdl-wolfgang-grosse-broemer"],"_links":{"self":[{"href":"https:\/\/meier-gerdingh.de\/wp-spd-ob\/wp-json\/wp\/v2\/posts\/3095","targetHints":{"allow":["GET"]}}],"collection":[{"href":"https:\/\/meier-gerdingh.de\/wp-spd-ob\/wp-json\/wp\/v2\/posts"}],"about":[{"href":"https:\/\/meier-gerdingh.de\/wp-spd-ob\/wp-json\/wp\/v2\/types\/post"}],"author":[{"embeddable":true,"href":"https:\/\/meier-gerdingh.de\/wp-spd-ob\/wp-json\/wp\/v2\/users\/1"}],"replies":[{"embeddable":true,"href":"https:\/\/meier-gerdingh.de\/wp-spd-ob\/wp-json\/wp\/v2\/comments?post=3095"}],"version-history":[{"count":0,"href":"https:\/\/meier-gerdingh.de\/wp-spd-ob\/wp-json\/wp\/v2\/posts\/3095\/revisions"}],"wp:attachment":[{"href":"https:\/\/meier-gerdingh.de\/wp-spd-ob\/wp-json\/wp\/v2\/media?parent=3095"}],"wp:term":[{"taxonomy":"category","embeddable":true,"href":"https:\/\/meier-gerdingh.de\/wp-spd-ob\/wp-json\/wp\/v2\/categories?post=3095"},{"taxonomy":"post_tag","embeddable":true,"href":"https:\/\/meier-gerdingh.de\/wp-spd-ob\/wp-json\/wp\/v2\/tags?post=3095"},{"taxonomy":"quellen","embeddable":true,"href":"https:\/\/meier-gerdingh.de\/wp-spd-ob\/wp-json\/wp\/v2\/quellen?post=3095"}],"curies":[{"name":"wp","href":"https:\/\/api.w.org\/{rel}","templated":true}]}}