{"id":3100,"date":"2016-04-21T09:07:38","date_gmt":"2016-04-21T07:07:38","guid":{"rendered":"http:\/\/www.meier-gerdingh.de\/spd-oberhausen\/wp\/?p=3100"},"modified":"2016-12-27T15:00:56","modified_gmt":"2016-12-27T14:00:56","slug":"gestern-waere-heinz-schleusser-80-jahre-alt-geworden","status":"publish","type":"post","link":"https:\/\/meier-gerdingh.de\/wp-spd-ob\/2016\/04\/21\/gestern-waere-heinz-schleusser-80-jahre-alt-geworden\/","title":{"rendered":"Gestern w\u00e4re Heinz Schleu\u00dfer 80 Jahre alt geworden"},"content":{"rendered":"<div id=\"attachment_3102\" style=\"width: 610px\" class=\"wp-caption aligncenter\"><a href=\"http:\/\/meier-gerdingh.de\/wp-spd-ob\/wp-content\/uploads\/heinz_schleusser_80er_geburtstag.jpg\"><img aria-describedby=\"caption-attachment-3102\" decoding=\"async\" class=\"size-full wp-image-3102\" src=\"http:\/\/meier-gerdingh.de\/wp-spd-ob\/wp-content\/uploads\/heinz_schleusser_80er_geburtstag_600.jpg\" alt=\"Von links nach rechts: Wolfgang Gro\u00dfe Br\u00f6mer, MdL und Vorsitzender der SPD-Ratsfraktion Oberhausen | Stefan Zimkeit, MdL | Michael Groschek, Bau- und Verkehrsminister des Landes NRW | Burkhard Drescher, Altoberb\u00fcrgermeister | Kirsten Oberste-Kleinbeck, Stv. Vorsitzende der SPD-Ratsfraktion Oberhausen | Olaf Rabsilber, Schatzmeister der Oberhausener SPD | Dirk V\u00f6pel, MdB und Vorsitzender der Oberhausener SPD | Sonja Bongers, Stv. Vorsitzende der Oberhausener SPD | Klaus Wehling, Altoberb\u00fcrgermeister\" width=\"600\" height=\"324\" srcset=\"https:\/\/meier-gerdingh.de\/wp-spd-ob\/wp-content\/uploads\/heinz_schleusser_80er_geburtstag_600.jpg 600w, https:\/\/meier-gerdingh.de\/wp-spd-ob\/wp-content\/uploads\/heinz_schleusser_80er_geburtstag_600-300x162.jpg 300w\" sizes=\"(max-width: 600px) 100vw, 600px\" \/><\/a><p id=\"caption-attachment-3102\" class=\"wp-caption-text\">Von links nach rechts: Wolfgang Gro\u00dfe Br\u00f6mer, MdL und Vorsitzender der SPD-Ratsfraktion Oberhausen | Stefan Zimkeit, MdL | Michael Groschek, Bau- und Verkehrsminister des Landes NRW | Burkhard Drescher, Altoberb\u00fcrgermeister | Kirsten Oberste-Kleinbeck, Stv. Vorsitzende der SPD-Ratsfraktion Oberhausen | Olaf Rabsilber, Schatzmeister der Oberhausener SPD | Dirk V\u00f6pel, MdB und Vorsitzender der Oberhausener SPD | Sonja Bongers, Stv. Vorsitzende der Oberhausener SPD | Klaus Wehling, Altoberb\u00fcrgermeister<\/p><\/div>\n<p><em>Zum 80. Geburtstag legten die Spitzen des SPD-Unterbezirks und der SPD-Ratsfraktion Oberhausen einen Kranz an Heinz Schleu\u00dfers Grab nieder.<\/em><\/p>\n<div id=\"attachment_3103\" style=\"width: 128px\" class=\"wp-caption alignleft\"><a href=\"http:\/\/meier-gerdingh.de\/wp-spd-ob\/wp-content\/uploads\/schleusser_heinz.jpg\"><img aria-describedby=\"caption-attachment-3103\" decoding=\"async\" class=\"size-full wp-image-3103\" src=\"http:\/\/meier-gerdingh.de\/wp-spd-ob\/wp-content\/uploads\/schleusser_heinz.jpg\" alt=\"Heinz Schleu\u00dfer\" width=\"118\" height=\"160\" \/><\/a><p id=\"caption-attachment-3103\" class=\"wp-caption-text\">Heinz Schleu\u00dfer<\/p><\/div>\n<p>80 Jahre alt w\u00e4re Heinz Schleu\u00dfer am Mittwoch dieser Woche geworden. Leider war ihm, der viele Jahrzehnte die Geschicke seiner und unserer Heimatstadt entscheidend und zu ihrem Wohle mitgepr\u00e4gt hat, nicht verg\u00f6nnt, nach der aktiven Zeit in der Politik ein etwas ruhigeres Leben als Privatmann zu verbringen, denn im Juli 2000 verstarb Schleu\u00dfer an den Folgen einer schweren Krebserkrankung.<\/p>\n<p>Heute Morgen versammelten sich neben dem Vorsitzenden des SPD-Unterbezirks Oberhausen, Dirk V\u00f6pel MdB, und der SPD-Ratsfraktion, Wolfgang Gro\u00dfe Br\u00f6mer MdL, auch zahlreiche Weggef\u00e4hrten aus den vergangenen Jahrzehnten, unter ihnen die ehemaligen Oberb\u00fcrgermeister der Stadt Oberhausen, Burkhard Drescher und Klaus Wehling.<!--more--><\/p>\n<p>Der Lebenslauf von Heinz Schleu\u00dfer ist Ausdruck eines schaffensreichen Arbeits- und Politikerleben. Als Erster Bevollm\u00e4chtigter der IG Metall in Oberhausen von 1969 bis 1987, als Stv. Vorsitzender der SPD-Ratsfraktion (ab 1975) und als deren Vorsitzender (von 1979 bis 1988) pr\u00e4gte er die Geschicke unserer Stadt in Jahren des wirtschaftlichen Umbruchs entscheidend mit.<\/p>\n<p>Seit 1975 Mitglied des Landtags, war er als Finanzminister des Landes Nordrhein-Westfalen von 1988 bis 2000 &#8211; erst unter Johannes Rau und in den letzten beiden Jahren unter Wolfgang Clement einer der tragenden und herausragenden Pers\u00f6nlichkeiten der Landespolitik in NRW.<\/p>\n<p>Seit 1957 auch Mitglied der SPD, \u00fcbernahm Schleu\u00dfer auch hier f\u00fcr viele Jahrzehnte herausragende Positionen, die ihn zum R\u00fcckgrat der SPD in Oberhausen und der SPD in Nordrhein-Westfalen machten. Seit 1972 geh\u00f6rte er dem Vorstand des organisationsstarken SPD-Bezirks Niederrhein an, dessen Vorsitzender er von 1982 bis zu seinem Ausscheiden aus dem Bezirksvorstand im Jahre 1998 war.<\/p>\n<p>Viele der Anwesenden erinnerten sich an ihre letzte Begegnung mit Heinz Schleu\u00dfer, daran, wie und wo sie von seinem Ableben erfuhren oder dass sie einer der Grabtr\u00e4ger waren.<\/p>\n<p>Nach Heinz Schleu\u00dfer sind im Stadtteil &#8222;Neue Mitte&#8220; eine Stra\u00dfe und die Marina benannt. Der Ort seiner W\u00fcrdigung spiegelt einen wichtigen Teil seiner Leistung f\u00fcr Oberhausen \u2013 die Gestaltung des Strukturwandels durch die Realisierung der &#8222;Neuen Mitte&#8220; \u2013 wider. Seine Lebensleistung verdient es, dass seine Erinnerung in Oberhausen mehr pr\u00e4sent ist.<\/p>\n","protected":false},"excerpt":{"rendered":"<p>Zum 80. Geburtstag legten die Spitzen des SPD-Unterbezirks und der SPD-Ratsfraktion Oberhausen einen Kranz an Heinz Schleu\u00dfers Grab nieder. 80 Jahre alt w\u00e4re Heinz Schleu\u00dfer am Mittwoch dieser Woche geworden.&hellip; <\/p>\n","protected":false},"author":1,"featured_media":0,"comment_status":"closed","ping_status":"closed","sticky":false,"template":"","format":"standard","meta":{"footnotes":""},"categories":[173],"tags":[483],"quellen":[327],"class_list":["post-3100","post","type-post","status-publish","format-standard","hentry","category-parteileben","tag-heinz-schleusser","quellen-spd-unterbezirk-oberhausen"],"_links":{"self":[{"href":"https:\/\/meier-gerdingh.de\/wp-spd-ob\/wp-json\/wp\/v2\/posts\/3100","targetHints":{"allow":["GET"]}}],"collection":[{"href":"https:\/\/meier-gerdingh.de\/wp-spd-ob\/wp-json\/wp\/v2\/posts"}],"about":[{"href":"https:\/\/meier-gerdingh.de\/wp-spd-ob\/wp-json\/wp\/v2\/types\/post"}],"author":[{"embeddable":true,"href":"https:\/\/meier-gerdingh.de\/wp-spd-ob\/wp-json\/wp\/v2\/users\/1"}],"replies":[{"embeddable":true,"href":"https:\/\/meier-gerdingh.de\/wp-spd-ob\/wp-json\/wp\/v2\/comments?post=3100"}],"version-history":[{"count":0,"href":"https:\/\/meier-gerdingh.de\/wp-spd-ob\/wp-json\/wp\/v2\/posts\/3100\/revisions"}],"wp:attachment":[{"href":"https:\/\/meier-gerdingh.de\/wp-spd-ob\/wp-json\/wp\/v2\/media?parent=3100"}],"wp:term":[{"taxonomy":"category","embeddable":true,"href":"https:\/\/meier-gerdingh.de\/wp-spd-ob\/wp-json\/wp\/v2\/categories?post=3100"},{"taxonomy":"post_tag","embeddable":true,"href":"https:\/\/meier-gerdingh.de\/wp-spd-ob\/wp-json\/wp\/v2\/tags?post=3100"},{"taxonomy":"quellen","embeddable":true,"href":"https:\/\/meier-gerdingh.de\/wp-spd-ob\/wp-json\/wp\/v2\/quellen?post=3100"}],"curies":[{"name":"wp","href":"https:\/\/api.w.org\/{rel}","templated":true}]}}