{"id":3107,"date":"2016-05-09T09:33:38","date_gmt":"2016-05-09T07:33:38","guid":{"rendered":"http:\/\/www.meier-gerdingh.de\/spd-oberhausen\/wp\/?p=3107"},"modified":"2016-12-27T15:01:37","modified_gmt":"2016-12-27T14:01:37","slug":"spd-wird-pflege-weiter-staerken","status":"publish","type":"post","link":"https:\/\/meier-gerdingh.de\/wp-spd-ob\/2016\/05\/09\/spd-wird-pflege-weiter-staerken\/","title":{"rendered":"SPD wird Pflege weiter st\u00e4rken"},"content":{"rendered":"<div id=\"attachment_1681\" style=\"width: 150px\" class=\"wp-caption alignleft\"><a href=\"http:\/\/meier-gerdingh.de\/wp-spd-ob\/wp-content\/uploads\/voepel_dirk_mdb.jpg\"><img aria-describedby=\"caption-attachment-1681\" decoding=\"async\" class=\"size-full wp-image-1681\" src=\"http:\/\/meier-gerdingh.de\/wp-spd-ob\/wp-content\/uploads\/voepel_dirk_mdb.jpg\" alt=\"Dirk V\u00f6pel ist der direkt gew\u00e4hlte Bundestagsabgeordnete f\u00fcr Oberhausen und Dinslaken\" width=\"140\" height=\"180\" \/><\/a><p id=\"caption-attachment-1681\" class=\"wp-caption-text\">Dirk V\u00f6pel ist der direkt gew\u00e4hlte Bundestagsabgeordnete f\u00fcr Oberhausen und Dinslaken<\/p><\/div>\n<p>Zum &#8222;Tag der Pflege&#8220; am 12. Mai erkl\u00e4rt Dirk V\u00f6pel, Bundestagsabgeordneter f\u00fcr Oberhausen und Dinslaken:<\/p>\n<p>F\u00fcr die SPD ist eine grundlegende Verbesserung der Pflege ein besonderer Schwerpunkt in dieser Legislaturperiode. Die steigende Lebenserwartung der Bev\u00f6lkerung und die Zunahme des Anteils betagter Menschen an der Gesamtbev\u00f6lkerung ist ein Zeichen f\u00fcr unseren gesellschaftlichen Fortschritt. Die zunehmende Zahl hochaltriger Menschen stellt die Pflegepolitik vor demographische und fachliche Herausforderungen. Pflege geht uns alle an und die Weiterentwicklung der Pflegeversicherung ist ein wesentlicher Baustein, um auch in Zukunft gute Pflege gew\u00e4hrleisten zu k\u00f6nnen und das Vertrauen in eine gute Versorgung im Alter zu st\u00e4rken.<!--more--><\/p>\n<p>Dabei hat die SPD in dieser Legislaturperiode schon viele deutliche Verbesserungen f\u00fcr Pflegende, Pflegebed\u00fcrftige und ihre Angeh\u00f6rigen erreicht, betont V\u00f6pel:<\/p>\n<p>Mit dem ersten Pflegest\u00e4rkungsgesetz wurde das Leistungsspektrum der gesetzlichen Pflegeversicherung deutlich ausgeweitet. Dadurch erhalten rund 2,7 Millionen Pfleged\u00fcrftige in Deutschland bereits seit dem 1.1.2015 mehr Leistungen. In der ambulanten Pflege wurden die Leistungen um rund 1,4 Mrd. Euro erh\u00f6ht, f\u00fcr die station\u00e4re Pflege um rund 1 Mrd. Euro. Pflegende Angeh\u00f6rige werden besser entlastet, indem die Unterst\u00fctzungsangebote f\u00fcr die Pflege zu Hause ausgeweitet wurden, die Zahl der zus\u00e4tzlichen Betreuungskr\u00e4fte in station\u00e4ren Pflegeeinrichtungen erh\u00f6hte sich deutlich. Zus\u00e4tzlich wurde ein Pflegevorsorgefonds eingerichtet.<\/p>\n<p>Mit dem Pflegest\u00e4rkungsgesetz II wurde die umfassendste \u00c4nderung der Pflegeversicherung seit ihrer Einf\u00fchrung im Jahr 1995 vorgenommen, indem ein neuer Pflegebed\u00fcrftigkeitsbegriff eingef\u00fchrt wurde. Das hei\u00dft, die bisherigen drei Pflegestufen werden durch f\u00fcnf Pflegegrade ersetzt. Damit wird der individuelle Bedarf bei Pflegebed\u00fcrftigen sehr viel genauer ermittelt. An Demenz erkrankte Menschen etwa bekommen nun erstmals auch Unterst\u00fctzung.<\/p>\n<p>Mit der Reform haben alle den gleichen Zugang zu den Leistungen der Pflegeversicherung. Entscheidend ist lediglich, wie sehr die Selbstst\u00e4ndigkeit tats\u00e4chlich eingeschr\u00e4nkt ist. Sichergestellt ist, dass niemand mit der Umstellung schlechter gestellt werden kann \u2013 viele aber besser. Zudem m\u00fcssen Menschen, die im Heim gepflegt werden, k\u00fcnftig keine Steigerung des pflegebedingten Eigenanteils mehr bef\u00fcrchten.<\/p>\n<p>Mit dem dritten Pflegest\u00e4rkungsgesetz, das wir in diesem Jahr beschlie\u00dfen m\u00f6chten, wird die Rolle der Kommunen sowie die Pflegeberatung vor Ort deutlich gest\u00e4rkt, damit Hilfe auch dort ankommt, wo sie dringend ben\u00f6tigt wird.<\/p>\n<p>Mit dem Pflegeberufereformgesetz m\u00f6chten wir den Pflegeberuf deutlich attraktiver machen und mehr Menschen f\u00fcr dieses so wichtige Berufsfeld gewinnen.<\/p>\n","protected":false},"excerpt":{"rendered":"<p>Zum &#8222;Tag der Pflege&#8220; am 12. Mai erkl\u00e4rt Dirk V\u00f6pel, Bundestagsabgeordneter f\u00fcr Oberhausen und Dinslaken: F\u00fcr die SPD ist eine grundlegende Verbesserung der Pflege ein besonderer Schwerpunkt in dieser Legislaturperiode.&hellip; <\/p>\n","protected":false},"author":1,"featured_media":0,"comment_status":"closed","ping_status":"closed","sticky":false,"template":"","format":"standard","meta":{"footnotes":""},"categories":[180,297],"tags":[714,472,713,711,710,712,715],"quellen":[330],"class_list":["post-3107","post","type-post","status-publish","format-standard","hentry","category-bund","category-gesundheit","tag-ambulante-pflege","tag-pflege","tag-pflegeberufereformgesetz","tag-pflegepolitik","tag-pflegestaerkungsgesetz","tag-pflegeversicherung","tag-stationaere-pflege","quellen-mdb-dirk-voepel"],"_links":{"self":[{"href":"https:\/\/meier-gerdingh.de\/wp-spd-ob\/wp-json\/wp\/v2\/posts\/3107","targetHints":{"allow":["GET"]}}],"collection":[{"href":"https:\/\/meier-gerdingh.de\/wp-spd-ob\/wp-json\/wp\/v2\/posts"}],"about":[{"href":"https:\/\/meier-gerdingh.de\/wp-spd-ob\/wp-json\/wp\/v2\/types\/post"}],"author":[{"embeddable":true,"href":"https:\/\/meier-gerdingh.de\/wp-spd-ob\/wp-json\/wp\/v2\/users\/1"}],"replies":[{"embeddable":true,"href":"https:\/\/meier-gerdingh.de\/wp-spd-ob\/wp-json\/wp\/v2\/comments?post=3107"}],"version-history":[{"count":0,"href":"https:\/\/meier-gerdingh.de\/wp-spd-ob\/wp-json\/wp\/v2\/posts\/3107\/revisions"}],"wp:attachment":[{"href":"https:\/\/meier-gerdingh.de\/wp-spd-ob\/wp-json\/wp\/v2\/media?parent=3107"}],"wp:term":[{"taxonomy":"category","embeddable":true,"href":"https:\/\/meier-gerdingh.de\/wp-spd-ob\/wp-json\/wp\/v2\/categories?post=3107"},{"taxonomy":"post_tag","embeddable":true,"href":"https:\/\/meier-gerdingh.de\/wp-spd-ob\/wp-json\/wp\/v2\/tags?post=3107"},{"taxonomy":"quellen","embeddable":true,"href":"https:\/\/meier-gerdingh.de\/wp-spd-ob\/wp-json\/wp\/v2\/quellen?post=3107"}],"curies":[{"name":"wp","href":"https:\/\/api.w.org\/{rel}","templated":true}]}}