{"id":3111,"date":"2016-05-12T10:00:36","date_gmt":"2016-05-12T08:00:36","guid":{"rendered":"http:\/\/www.meier-gerdingh.de\/spd-oberhausen\/wp\/?p=3111"},"modified":"2023-03-10T14:28:09","modified_gmt":"2023-03-10T13:28:09","slug":"wir-muessen-die-city-neu-denken-und-wir-wollen-die-city-neu-denken","status":"publish","type":"post","link":"https:\/\/meier-gerdingh.de\/wp-spd-ob\/2016\/05\/12\/wir-muessen-die-city-neu-denken-und-wir-wollen-die-city-neu-denken\/","title":{"rendered":"&#8222;Wir m\u00fcssen die City neu denken und wir wollen die City neu denken&#8220;"},"content":{"rendered":"<p>Zu einem langen und diskussionsreichen Abend konnte der SPD-Ortsverein Oberhausen-Mitte letzte Woche mit der City-Managerin Astrid Sch\u00f6pker und Axel J. Scherer, Dozent der Freien Universit\u00e4t Oberhausen, zwei ausgewiesene Experten zum Thema Innenstadt zu seiner Mitgliederversammlung begr\u00fc\u00dfen. An diesem Abend war nicht zuh\u00f6ren, sondern mitmachen gefragt. In einem Markt der M\u00f6glichkeiten entstanden viele neue Ideen zu den Themen Wohnen, Dienstleistung, Kultur, Einkaufen, Leben, Arbeiten und Erleben in der City.<!--more--><\/p>\n<p>Es wurde eine ganz Palette an Ideen entwickelt, z. B. die Ansiedlung von Studenten-, Azubi- und Schwesternwohnheimen, eine innovative Nahverkehrsstruktur (B\u00fcrgerbus), ein interkulturelles Suppenfest, ein kulturelles Zentrum als Treffpunkt f\u00fcr alle oder die Ansiedlung weiterer Beh\u00f6rden zentral an der Marktstra\u00dfe.<\/p>\n<p>So k\u00f6nnte man das Stadtteilb\u00fcro Projekt-TeamCity mit dem Fassaden- und Innenhofprogramm, die Ausgabe von Gelben S\u00e4cken, die Ansiedlung des Kulturb\u00fcros, das Angebot von zus\u00e4tzlichen Sprechstunden der Verwaltung bzw. der Bezirksvertretung gemeinsam unter einen Hut bringen. &#8222;Eine Anlauf- und Beratungsstelle f\u00fcr alle B\u00fcrger&#8220;, fasste Axel Scherer die Idee zusammen.<\/p>\n<p>Einen Standort hierf\u00fcr hat die SPD Mitte mit dem Kaufhof im Blick. &#8222;Er liegt zentral, wird nur wenig genutzt und darf nicht l\u00e4nger die weiteren Entwicklungen in der Innenstadt blockieren. Die Stadt kann hier handeln und soll sich die Hilfestellung vom Land \u00fcber NRW.URBAN holen. Ob Land, ob Stadt, oder beide gemeinsam, ein Kauf ist eine gangbare M\u00f6glichkeit die Innenstadt in den n\u00e4chsten Jahren zu beleben. Das w\u00e4re das Signal f\u00fcr einen Aufbruch f\u00fcr die ganze Innenstadt&#8220;, so Arturo de la Vega, Mitglied des Ortsvereins.<\/p>\n<p>&#8222;Der Kauf des Kaufhofes mit einem entsprechenden Entwicklungskonzept w\u00e4re durchaus eine gute und denkbare Option f\u00fcr die Innenstadt&#8220;, so der Stadtk\u00e4mmerer Apostolos Tsalastras im Anschluss an die Veranstaltung.<\/p>\n<p>Inhaltlich muss vor allem die Sozialstruktur der Innenstadt zuk\u00fcnftig im Vordergrund stehen, so z. B. durch eine konzeptionelle Weiterentwicklung des neuen Jugendzentrums &#8218;place2be!&#8216;. &#8222;Hier muss der Fokus klar auf die Arbeit mit sozial benachteiligten Jugendlichen liegen&#8220;, so Axel J. Scherer, der sich in seinem Referat auch mit der Frage von Verantwortlichkeiten in der City besch\u00e4ftigt hat. <\/p>\n<p>&#8222;Eines ist uns ebenfalls ganz klar geworden: Mit Frau Sch\u00f6pker hat die Stadt die absolut richtige junge Frau mit frischen Ideen gefunden. Aber man muss ihr jetzt auch den Freiraum f\u00fcr deren Umsetzung geben. Deshalb wollen wir hier von der Verwaltung die Zusage, dass ihre Position gest\u00e4rkt und im Sinne einer modernen Teamarbeit mit anderen vorhandenen Kr\u00e4ften verzahnt und deren Aufgabengebiete klar definiert werden.&#8220;<\/p>\n<p>&#8222;Nur Klagen hilft ja nicht weiter&#8220;, so der Ortsvereinsvorsitzende Andreas Schr\u00f6der. &#8222;Wir m\u00fcssen die City neu denken und wir wollen die City neu denken&#8220; so Genossinnen und Genossen des Ortsvereins w\u00e4hrend der Veranstaltung. Der Abend hat uns gezeigt, dass wir viele Ideen haben, die wir in den kommenden Wochen und Monaten weiterentwickeln wollen. <\/p>\n<p>Unser Ziel ist ein langfristiges Konzept, dass unsere Innenstadt als Kreativdreieck mit klarem Profil als Gesch\u00e4ftszentrum mit einmaligen regionalen und speziellen \u00fcberregionalen Angeboten und attraktivem Wohnumfeld weiterentwickelt. &#8222;Man kann auch sagen: kreativer, bunter, j\u00fcnger, attraktiver&#8220;, so die Citymanagerin Astrid Sch\u00f6pker.<\/p>\n<p>Eins stellten alle Genossen am Ende der Veranstaltung fest: Es hat Spa\u00df gemacht, eine Ideenb\u00f6rse zu entwickeln. Jetzt geht es an die weitere Entwicklung und Konzeption der Ideen und danach an die Umsetzung.<\/p>\n","protected":false},"excerpt":{"rendered":"<p>Zu einem langen und diskussionsreichen Abend konnte der SPD-Ortsverein Oberhausen-Mitte letzte Woche mit der City-Managerin Astrid Sch\u00f6pker und Axel J. Scherer, Dozent der Freien Universit\u00e4t Oberhausen, zwei ausgewiesene Experten zum&hellip; <\/p>\n","protected":false},"author":1,"featured_media":0,"comment_status":"closed","ping_status":"closed","sticky":false,"template":"","format":"standard","meta":{"footnotes":""},"categories":[167],"tags":[723,65,717,198,718,725,359,722,719,724,720,196,721],"quellen":[333],"class_list":["post-3111","post","type-post","status-publish","format-standard","hentry","category-stadtteile","tag-place2be","tag-alt-oberhausen","tag-alte-mitte","tag-city-alt-oberhausen","tag-city-management","tag-freie-universitaet-oberhausen","tag-innenstadt-alt-oberhausen","tag-jugendzentrum-place2be","tag-kaufhof-gebaeude","tag-kreativdreieck","tag-projekt-teamcity","tag-staedtebaufoerderung","tag-stadtteilbuero","quellen-ov-mitte"],"_links":{"self":[{"href":"https:\/\/meier-gerdingh.de\/wp-spd-ob\/wp-json\/wp\/v2\/posts\/3111","targetHints":{"allow":["GET"]}}],"collection":[{"href":"https:\/\/meier-gerdingh.de\/wp-spd-ob\/wp-json\/wp\/v2\/posts"}],"about":[{"href":"https:\/\/meier-gerdingh.de\/wp-spd-ob\/wp-json\/wp\/v2\/types\/post"}],"author":[{"embeddable":true,"href":"https:\/\/meier-gerdingh.de\/wp-spd-ob\/wp-json\/wp\/v2\/users\/1"}],"replies":[{"embeddable":true,"href":"https:\/\/meier-gerdingh.de\/wp-spd-ob\/wp-json\/wp\/v2\/comments?post=3111"}],"version-history":[{"count":0,"href":"https:\/\/meier-gerdingh.de\/wp-spd-ob\/wp-json\/wp\/v2\/posts\/3111\/revisions"}],"wp:attachment":[{"href":"https:\/\/meier-gerdingh.de\/wp-spd-ob\/wp-json\/wp\/v2\/media?parent=3111"}],"wp:term":[{"taxonomy":"category","embeddable":true,"href":"https:\/\/meier-gerdingh.de\/wp-spd-ob\/wp-json\/wp\/v2\/categories?post=3111"},{"taxonomy":"post_tag","embeddable":true,"href":"https:\/\/meier-gerdingh.de\/wp-spd-ob\/wp-json\/wp\/v2\/tags?post=3111"},{"taxonomy":"quellen","embeddable":true,"href":"https:\/\/meier-gerdingh.de\/wp-spd-ob\/wp-json\/wp\/v2\/quellen?post=3111"}],"curies":[{"name":"wp","href":"https:\/\/api.w.org\/{rel}","templated":true}]}}