{"id":3112,"date":"2016-05-18T10:02:37","date_gmt":"2016-05-18T08:02:37","guid":{"rendered":"http:\/\/www.meier-gerdingh.de\/spd-oberhausen\/wp\/?p=3112"},"modified":"2016-12-27T15:02:09","modified_gmt":"2016-12-27T14:02:09","slug":"bischoff-bongers-cordes-oder-krey","status":"publish","type":"post","link":"https:\/\/meier-gerdingh.de\/wp-spd-ob\/2016\/05\/18\/bischoff-bongers-cordes-oder-krey\/","title":{"rendered":"Bischoff, Bongers, Cordes oder Krey?"},"content":{"rendered":"<div id=\"attachment_3117\" style=\"width: 610px\" class=\"wp-caption aligncenter\"><a href=\"http:\/\/meier-gerdingh.de\/wp-spd-ob\/wp-content\/uploads\/mitgliederentscheid_lt_wk_055_2016.jpg\"><img aria-describedby=\"caption-attachment-3117\" decoding=\"async\" class=\"size-full wp-image-3117\" src=\"http:\/\/meier-gerdingh.de\/wp-spd-ob\/wp-content\/uploads\/mitgliederentscheid_lt_wk_055_2016.jpg\" alt=\"Von links: J\u00f6rg Bischoff (OV Osterfeld), Sonja Bongers (OV Oberhausen-West), Frederick Cordes (OV Sterkrade-S\u00fcd), Thomas Krey (OV Osterfeld)\" width=\"600\" height=\"194\" \/><\/a><p id=\"caption-attachment-3117\" class=\"wp-caption-text\">Von links: J\u00f6rg Bischoff (OV Osterfeld), Sonja Bongers (OV Oberhausen-West), Frederick Cordes (OV Sterkrade-S\u00fcd), Thomas Krey (OV Osterfeld)<\/p><\/div>\n<p>Einladung zur zentralen Informationsveranstaltung f\u00fcr SPD-Mitglieder aus Alt-Oberhausen und Osterfeld am 23.05.2016 um 18.00 Uhr im ZAQ:<\/p>\n<p>Am Montag, 23.05.2016, um 18.00 Uhr, l\u00e4dt die Oberhausener SPD ihre Mitglieder aus den Stadtbezirken Alt-Oberhausen und Osterfeld ins &#8222;ZAQ&#8220;, Essener Stra\u00dfe 100, zu einer zentralen Informationsveranstaltung zur Findung einer Kandidatin oder eines Kandidaten f\u00fcr den Landtagswahlkreis 055 \u2013 Alt-Oberhausen und Osterfeld \u2013 ein.<!--more--><\/p>\n<p>Nachdem der bisherige Wahlkreisinhaber Wolfgang Gro\u00dfe Br\u00f6mer auf eine erneute Kandidatur verzichtet hat, bewerben sich die folgenden Personen f\u00fcr die SPD um die Kandidatur f\u00fcr die Landtagswahl im Mai kommenden Jahres:<\/p>\n<p><strong>J\u00f6rg Bischoff | OV Osterfeld<br \/>\nSonja Bongers | OV Oberhausen-West<br \/>\nFrederick Cordes | OV Sterkrade-S\u00fcd<br \/>\nThomas Krey | OV Osterfeld<\/strong><\/p>\n<p>Die Oberhausener SPD hat sich zur Durchf\u00fchrung einer Mitgliederbefragung entschlossen, bei der alle Mitglieder aus den Stadtbezirken Alt-Oberhausen und Osterfeld eingeladen sind, an der Auswahl der Kandidatin oder des Kandidaten mitzuwirken.<\/p>\n<p>Eine besondere Rolle kommt hierbei der Zentralen Informationsveranstaltung zu, mit der die &#8222;hei\u00dfe&#8220; Phase der Mitgliederbefragung eingeleitet werden wird.<\/p>\n<p>Bei dieser Informationsveranstaltung haben alle Mitglieder aus den genannten Bereichen die M\u00f6glichkeit, die Kandidatin und die Kandidaten und ihre politischen Schwerpunkte kennenzulernen.<\/p>\n<h3 class=\"spd-ob-crossheading\">Zum Verfahren:<\/h3>\n<p>Die Mitgliederbefragung wird als Briefwahl durchgef\u00fchrt. Alle stimmberechtigten Mitglieder haben die Briefwahlunterlagen zugeschickt bekommen.<\/p>\n<p>Bis Freitag, 03.06.2016, 13.00 Uhr haben alle Stimmberechtigten die M\u00f6glichkeit, sich an der Mitgliederbefragung zu entscheiden.<\/p>\n<p>Die Ausz\u00e4hlung wird um 17.00 Uhr in der SPD-Gesch\u00e4ftsstelle, Schwartzstra\u00dfe 52, stattfinden. Diese ist partei\u00f6ffentlich.<\/p>\n<p>Gewonnen hat, wer die absolute Mehrheit der angegebenen Stimmen bekommt. Sollte niemand mehr als 50 Prozent der abgegebenen Stimmen bekommen, findet eine Stichwahl, ebenfalls als Briefwahl, statt.<\/p>\n","protected":false},"excerpt":{"rendered":"<p>Einladung zur zentralen Informationsveranstaltung f\u00fcr SPD-Mitglieder aus Alt-Oberhausen und Osterfeld am 23.05.2016 um 18.00 Uhr im ZAQ: Am Montag, 23.05.2016, um 18.00 Uhr, l\u00e4dt die Oberhausener SPD ihre Mitglieder aus&hellip; <\/p>\n","protected":false},"author":1,"featured_media":0,"comment_status":"closed","ping_status":"closed","sticky":false,"template":"","format":"standard","meta":{"footnotes":""},"categories":[173,171],"tags":[728,726,727,729,26],"quellen":[327],"class_list":["post-3112","post","type-post","status-publish","format-standard","hentry","category-parteileben","category-veranstaltungen","tag-basis-statt-basta","tag-landtagswahl-2017","tag-mitgliederbefragung","tag-mitgliederbeteiligung","tag-mitgliederentscheid","quellen-spd-unterbezirk-oberhausen"],"_links":{"self":[{"href":"https:\/\/meier-gerdingh.de\/wp-spd-ob\/wp-json\/wp\/v2\/posts\/3112","targetHints":{"allow":["GET"]}}],"collection":[{"href":"https:\/\/meier-gerdingh.de\/wp-spd-ob\/wp-json\/wp\/v2\/posts"}],"about":[{"href":"https:\/\/meier-gerdingh.de\/wp-spd-ob\/wp-json\/wp\/v2\/types\/post"}],"author":[{"embeddable":true,"href":"https:\/\/meier-gerdingh.de\/wp-spd-ob\/wp-json\/wp\/v2\/users\/1"}],"replies":[{"embeddable":true,"href":"https:\/\/meier-gerdingh.de\/wp-spd-ob\/wp-json\/wp\/v2\/comments?post=3112"}],"version-history":[{"count":0,"href":"https:\/\/meier-gerdingh.de\/wp-spd-ob\/wp-json\/wp\/v2\/posts\/3112\/revisions"}],"wp:attachment":[{"href":"https:\/\/meier-gerdingh.de\/wp-spd-ob\/wp-json\/wp\/v2\/media?parent=3112"}],"wp:term":[{"taxonomy":"category","embeddable":true,"href":"https:\/\/meier-gerdingh.de\/wp-spd-ob\/wp-json\/wp\/v2\/categories?post=3112"},{"taxonomy":"post_tag","embeddable":true,"href":"https:\/\/meier-gerdingh.de\/wp-spd-ob\/wp-json\/wp\/v2\/tags?post=3112"},{"taxonomy":"quellen","embeddable":true,"href":"https:\/\/meier-gerdingh.de\/wp-spd-ob\/wp-json\/wp\/v2\/quellen?post=3112"}],"curies":[{"name":"wp","href":"https:\/\/api.w.org\/{rel}","templated":true}]}}