{"id":3116,"date":"2016-04-14T12:14:17","date_gmt":"2016-04-14T10:14:17","guid":{"rendered":"http:\/\/www.meier-gerdingh.de\/spd-oberhausen\/wp\/?p=3116"},"modified":"2016-12-27T15:00:37","modified_gmt":"2016-12-27T14:00:37","slug":"lebhafte-buergerversammlung-im-kastell-holten","status":"publish","type":"post","link":"https:\/\/meier-gerdingh.de\/wp-spd-ob\/2016\/04\/14\/lebhafte-buergerversammlung-im-kastell-holten\/","title":{"rendered":"Lebhafte B\u00fcrgerversammlung im Kastell Holten"},"content":{"rendered":"<div id=\"attachment_3113\" style=\"width: 610px\" class=\"wp-caption aligncenter\"><a href=\"http:\/\/meier-gerdingh.de\/wp-spd-ob\/wp-content\/uploads\/ov_alsfeld_holten_buergerversammlung_kastell_2016-1.jpg\"><img aria-describedby=\"caption-attachment-3113\" decoding=\"async\" class=\"size-full wp-image-3113\" src=\"http:\/\/meier-gerdingh.de\/wp-spd-ob\/wp-content\/uploads\/ov_alsfeld_holten_buergerversammlung_kastell_2016-1.jpg\" alt=\"&quot;Volle H\u00fctte&quot; bei der B\u00fcrgerversammlung am 7. April 2016 im Kastell Holten\" width=\"600\" height=\"373\" srcset=\"https:\/\/meier-gerdingh.de\/wp-spd-ob\/wp-content\/uploads\/ov_alsfeld_holten_buergerversammlung_kastell_2016-1.jpg 600w, https:\/\/meier-gerdingh.de\/wp-spd-ob\/wp-content\/uploads\/ov_alsfeld_holten_buergerversammlung_kastell_2016-1-300x187.jpg 300w\" sizes=\"(max-width: 600px) 100vw, 600px\" \/><\/a><p id=\"caption-attachment-3113\" class=\"wp-caption-text\">&#8222;Volle H\u00fctte&#8220; bei der B\u00fcrgerversammlung am 7. April 2016 im Kastell Holten<\/p><\/div>\n<p>Von Politikverdrossenheit war auf der B\u00fcrgerversammlung nichts zu sp\u00fcren, zu der Helmuth Eidam, SPD-Ortsvereinsvorsitzender Alsfeld Holten, Helmut Brodrick, SPD-Stadtverordneter f\u00fcr Holten und der Bezirksb\u00fcrgermeister von Sterkrade, Ulrich Real am 7. April ins Kastell Holten eingeladen hatten. Mehr als 100 Holtener B\u00fcrgerinnen und B\u00fcrger diskutierten engagiert \u00fcber LED-Beleuchtung, Emscher-Umbau, Sportst\u00e4ttenkonzept in Bezug auf Gr\u00fcn Wei\u00df Holten und Unterbringung von Fl\u00fcchtlingen.<!--more--><\/p>\n<p>Der Austausch der alten, nicht mehr am Markt erh\u00e4ltlichen Qecksilberdampflampen durch modernes LED-Licht hat auch in Holten f\u00fcr Gespr\u00e4chsstoff gesorgt. Denn die Laternen strahlen jetzt statt mit dem gewohnten Rundumlicht in einem klar abgegrenzten Winkel. Wie Bernhard Klockhaus von der Stadtverwaltung ausf\u00fchrte, liegt die hier und da beklagte ungen\u00fcgende Beleuchtung von Stra\u00dfen und Gehwegen an dem Abstand zwischen den Laternen, der mit der Umstellung auf LED nicht mehr optimal ist. Wie so oft, scheitert eine befriedigende L\u00f6sung am Geld. Denn w\u00e4hrend die neuen Lampen aus einem F\u00f6rderprogramm zu 20 Prozent kofinanziert werden konnten, sind die Masten im F\u00f6rderprogramm nicht enthalten, so dass an den alten Masten festgehalten werden musste. Der Wunsch, bei der Umstellung der Beleuchtung den d\u00f6rflichen Charakter Holtens zu ber\u00fccksichtigen, sei verst\u00e4ndlich. Vor dem Hintergrund von Mehrkosten speziell gestalteter Leuchtk\u00f6rper von 700 bis 1000 Euro wird nach Klockhaus die M\u00f6glichkeit der Realisierung noch gepr\u00fcft.<\/p>\n<p>Zum Emscherumbau im Holtener Bruch standen Silke Wilts und Thomas Aders der B\u00fcrgerversammlung Rede und Antwort. Nach ihrer Einsch\u00e4tzung wird sich die Bel\u00e4stigung durch Transporte der gro\u00dfen Betonrohre \u00fcber die Stra\u00dfe mit vier bis f\u00fcnf LKWs pro Tag in Grenzen halten. Der Erd-Aushub werde \u00fcber das Gel\u00e4nde der Ruhrchemie und eine speziell zu diesem Zweck zu errichtende Br\u00fccke abseits \u00f6ffentlicher Stra\u00dfen erfolgen. Eine Beeintr\u00e4chtigung der Anwohner ist hier also nicht zu erwarten. L\u00e4rmintensive Arbeiten auf der Baustelle sollen laut Emschergenossenschaft grunds\u00e4tzlich sp\u00e4testens um 22 Uhr, in der Regel aber bereits zwischen 20 und 21 Uhr beendet sein.<\/p>\n<p>Wilts und Aders wiesen darauf hin, dass ein Mammutprojekt wie der Emscher-Umbau nicht immer ohne Beeintr\u00e4chtigungen abgewickelt werden k\u00f6nne. Wo gebaut w\u00fcrde, entstehe immer auch L\u00e4rm und Dreck. Man habe aber bisher immer L\u00f6sungen gefunden. Das gelte auch f\u00fcr eventuelle Besch\u00e4digungen von H\u00e4usern im Baubereich, \u00fcber die sich mancher B\u00fcrger verst\u00e4ndlicherweise Sorgen macht. Hier werden Gutachter die Geb\u00e4ude im Umfeld der Baustelle untersuchen und gegebenenfalls z. B. Gipsplomben anbringen, um die zweifelsfreie Feststellung von durch den Umbau verursachten Sch\u00e4den zu erm\u00f6glichen.<\/p>\n<p>\u00dcbrigens wird der Sportplatz von Gr\u00fcn Wei\u00df Holten nach Abschluss des Emscher-Umbaus den seit l\u00e4ngerem angek\u00fcndigten Kunstrasen erhalten. Das versicherte Ulrich Hinz von der Stadtverwaltung. Die Bogensch\u00fctzen sollen wieder auf dem Platz beheimatet werden.<\/p>\n<p>Fragen im Zusammenhang mit der Unterbringung von Fl\u00fcchtlingen in Holten diskutierte die B\u00fcrgerversammlung in bemerkenswert sachlicher Atmosph\u00e4re. Sozialdezernentin Elke M\u00fcnich f\u00fchrte aus, dass sich die Lage bei der Zuweisung von Fl\u00fcchtlingen nach Oberhausen entspannt habe. Ob das von Dauer sei, k\u00f6nne aber angesichts der nach wie vor ungel\u00f6sten Fluchtursachen niemand sagen. Der Aufruf der Stadt an die B\u00fcrgerschaft, privaten Wohnraum f\u00fcr Fl\u00fcchtlinge zur Verf\u00fcgung zu stellen, sei erfolgreich gewesen. Aktuell seien rund 1700 Fl\u00fcchtlinge in privaten Wohnungen untergebracht, Anfang 2015 waren es nicht einmal 300. Nach Aussage der Dezernentin wird die Stadt demn\u00e4chst Turnhallen, die bisher als Notunterk\u00fcnfte gedient haben, freiziehen, kann sie aber noch nicht endg\u00fcltig freigeben, weil sie f\u00fcr alle F\u00e4lle weiter vorgehalten werden m\u00fcssten.<\/p>\n<p>Aus der Versammlung wurde die Frage aufgeworfen, warum Holten Schwerpunkt der Unterbringung von Fl\u00fcchtlingen im Oberhausener Norden sei, nicht aber K\u00f6nigshardt. Dazu erkl\u00e4rte Bezirksb\u00fcrgermeister Ulrich Real, dass die Stadt selber keine geeigneten Grundst\u00fccke auf der K\u00f6nigshardt besitzt. Mit einem potenziellen, privaten Eigent\u00fcmer sind Gespr\u00e4che gef\u00fchrt worden, doch der Eigent\u00fcmer des daf\u00fcr geeigneten Grundst\u00fccks habe sein Einverst\u00e4ndnis nicht gegeben.<\/p>\n<p>Stadtverordneter Helmut Brodrick hob hervor, dass die Holtener B\u00fcrger auf sich stolz sein k\u00f6nnten. Sie seien mit dem Zuzug von Fl\u00fcchtlingen in den Stadtteil, der nat\u00fcrlich hier und da auch zu Reibungen f\u00fchre, bisher im Gro\u00dfen und Ganzen unaufgeregt umgegangen. Auch der Verwaltung sei zu danken. Sie habe schwierige Herausforderungen beispielhaft bew\u00e4ltigt.<\/p>\n<p>Mit Blick auf das anstehende Fu\u00dfballspiel und der Fanhymne &#8222;You will never walk alone&#8220; bedankte sich Bezirksb\u00fcrgermeister Ulrich Real bei den G\u00e4sten und stellte in Anlehnung an das Lied fest, dass die Holtener B\u00fcrgerschaft immer wieder Zeichen setze in Bezug auf eine gute Zusammenarbeit vor Ort.<\/p>\n","protected":false},"excerpt":{"rendered":"<p>Von Politikverdrossenheit war auf der B\u00fcrgerversammlung nichts zu sp\u00fcren, zu der Helmuth Eidam, SPD-Ortsvereinsvorsitzender Alsfeld Holten, Helmut Brodrick, SPD-Stadtverordneter f\u00fcr Holten und der Bezirksb\u00fcrgermeister von Sterkrade, Ulrich Real am 7.&hellip; <\/p>\n","protected":false},"author":1,"featured_media":0,"comment_status":"closed","ping_status":"closed","sticky":false,"template":"","format":"standard","meta":{"footnotes":""},"categories":[167,171],"tags":[103,104,209,547,386,736,420,735],"quellen":[336],"class_list":["post-3116","post","type-post","status-publish","format-standard","hentry","category-stadtteile","category-veranstaltungen","tag-emschergenossenschaft","tag-emscherumbau","tag-fluechtlinge","tag-fluechtlingsunterbringung","tag-holten","tag-led-laternen","tag-sportstaettenkonzept","tag-strassenlampen","quellen-ov-alsfeld-holten"],"_links":{"self":[{"href":"https:\/\/meier-gerdingh.de\/wp-spd-ob\/wp-json\/wp\/v2\/posts\/3116","targetHints":{"allow":["GET"]}}],"collection":[{"href":"https:\/\/meier-gerdingh.de\/wp-spd-ob\/wp-json\/wp\/v2\/posts"}],"about":[{"href":"https:\/\/meier-gerdingh.de\/wp-spd-ob\/wp-json\/wp\/v2\/types\/post"}],"author":[{"embeddable":true,"href":"https:\/\/meier-gerdingh.de\/wp-spd-ob\/wp-json\/wp\/v2\/users\/1"}],"replies":[{"embeddable":true,"href":"https:\/\/meier-gerdingh.de\/wp-spd-ob\/wp-json\/wp\/v2\/comments?post=3116"}],"version-history":[{"count":0,"href":"https:\/\/meier-gerdingh.de\/wp-spd-ob\/wp-json\/wp\/v2\/posts\/3116\/revisions"}],"wp:attachment":[{"href":"https:\/\/meier-gerdingh.de\/wp-spd-ob\/wp-json\/wp\/v2\/media?parent=3116"}],"wp:term":[{"taxonomy":"category","embeddable":true,"href":"https:\/\/meier-gerdingh.de\/wp-spd-ob\/wp-json\/wp\/v2\/categories?post=3116"},{"taxonomy":"post_tag","embeddable":true,"href":"https:\/\/meier-gerdingh.de\/wp-spd-ob\/wp-json\/wp\/v2\/tags?post=3116"},{"taxonomy":"quellen","embeddable":true,"href":"https:\/\/meier-gerdingh.de\/wp-spd-ob\/wp-json\/wp\/v2\/quellen?post=3116"}],"curies":[{"name":"wp","href":"https:\/\/api.w.org\/{rel}","templated":true}]}}