{"id":3120,"date":"2016-05-25T20:42:09","date_gmt":"2016-05-25T18:42:09","guid":{"rendered":"http:\/\/www.meier-gerdingh.de\/spd-oberhausen\/wp\/?p=3120"},"modified":"2016-11-29T17:44:32","modified_gmt":"2016-11-29T16:44:32","slug":"ein-guter-abend-eine-gute-diskussion-vier-gute-kandidaten","status":"publish","type":"post","link":"https:\/\/meier-gerdingh.de\/wp-spd-ob\/2016\/05\/25\/ein-guter-abend-eine-gute-diskussion-vier-gute-kandidaten\/","title":{"rendered":"Ein guter Abend.<br>Eine gute Diskussion.<br>Vier gute Kandidaten!"},"content":{"rendered":"<p><div id=\"attachment_3121\" style=\"width: 610px\" class=\"wp-caption aligncenter\"><a href=\"http:\/\/meier-gerdingh.de\/wp-spd-ob\/wp-content\/uploads\/kandidaten_auf_der_couch.jpg\"><img aria-describedby=\"caption-attachment-3121\" decoding=\"async\" src=\"http:\/\/meier-gerdingh.de\/wp-spd-ob\/wp-content\/uploads\/kandidaten_auf_der_couch.jpg\" alt=\"Von links: Frederick Cordes (OV Sterkrade-S\u00fcd), Sonja Bongers (OV Oberhausen-West), Thomas Krey (OV Osterfeld), J\u00f6rg Bischoff (OV Osterfeld)\" width=\"600\" height=\"411\" class=\"size-full wp-image-3121\" srcset=\"https:\/\/meier-gerdingh.de\/wp-spd-ob\/wp-content\/uploads\/kandidaten_auf_der_couch.jpg 600w, https:\/\/meier-gerdingh.de\/wp-spd-ob\/wp-content\/uploads\/kandidaten_auf_der_couch-300x206.jpg 300w\" sizes=\"(max-width: 600px) 100vw, 600px\" \/><\/a><p id=\"caption-attachment-3121\" class=\"wp-caption-text\">Von links: Frederick Cordes (OV Sterkrade-S\u00fcd), Sonja Bongers (OV Oberhausen-West), Thomas Krey (OV Osterfeld), J\u00f6rg Bischoff (OV Osterfeld)<\/p><\/div><em>Die Bewerber f\u00fcr die SPD-Landtagskandidatur im Wahlkreis Alt-Oberhausen und Osterfeld stellten sich auf einer Info-Veranstaltung vor:<\/em><\/p>\n<p>Gesellschaftlicher Zusammenhalt, der Kampf gegen die Arbeitslosigkeit sowie der Einsatz f\u00fcr Oberhausen in D\u00fcsseldorf \u2013 diese Themen zogen sich bei der Info-Veranstaltung der Oberhausener SPD gestern Abend im &#8222;Zentrum f\u00fcr Arbeit und Qualifizierung&#8220; (ZAQ) an der Essener Stra\u00dfe wie ein roter Faden durch die Diskussionsbeitr\u00e4ge. Die Oberhausener SPD hatte ihre Mitglieder in den Stadtbezirken Alt-Oberhausen und Osterfeld zu einer Informationsveranstaltung eingeladen, wo sich die Bewerberin und die Bewerber um die Landtagskandidatur f\u00fcr die SPD in diesem Landtagswahlkreis den Mitgliedern vorgestellt haben.<!--more--><\/p>\n<p>J\u00f6rg Bischoff, Sonja Bongers, Frederik Cordes und Thomas Krey m\u00f6chten im kommenden Jahr gerne die Nachfolge des amtierenden Wahlkreisabgeordneten Wolfgang Gro\u00dfe Br\u00f6mer antreten, der auf eine erneute Kandidatur fr\u00fchzeitig verzichtet hatte. Da vier Mitglieder Interesse an einer Kandidatur angemeldet hatten, hat sich der Vorstand der Oberhausener SPD zur Durchf\u00fchrung einer Mitgliederbefragung entschlossen, wo jedes SPD-Mitglied aus den o.g. Stadtbezirken per Briefwahl an der Kandidatenauswahl teilnehmen kann. Diese l\u00e4uft bis noch bis zum 03.06.2016.  <\/p>\n<h3 class=\"spd-ob-crossheading\">&#8222;Die Arbeit mit den Menschen!&#8220;<\/h3>\n<p>Den Auftakt bei der Vorstellungsrunde machte gestern Abend <strong>Sonja Bongers<\/strong>, 40 Jahre alt, selbst\u00e4ndige Rechtsanw\u00e4ltin und Dozentin sowie Stadtverordnete f\u00fcr Lirich. &#8222;Die Arbeit mit den Menschen!&#8220; stehe f\u00fcr Sie im Mittelpunkt ihrer Arbeit \u2013 ob als Rechtsanw\u00e4ltin oder Stadtverordnete. Sie betonte, dass die SPD nur dann erfolgreich sein kann, wenn sie das &#8222;S&#8220; f\u00fcr &#8222;Sozial&#8220; st\u00e4rker betone.  Chancengleichheit, Bildung und der Kampf gegen Jugendarbeitslosigkeit nannte sie als ihre Schwerpunkte.  <\/p>\n<h3 class=\"spd-ob-crossheading\">&#8222;Menschen zusammenbringen!&#8220;<\/h3>\n<p>Der 57-j\u00e4hrige <strong>J\u00f6rg Bischoff<\/strong>, Stadtverordnete f\u00fcr Rothebusch, absolvierte nach der Realschule eine Handwerkerausbildung und steht seit 15 Jahren an der Spitze der \u00f6rtlichen Kreishandwerkerschaft. Hier habe er gelernt, &#8222;Menschen zusammenbringen!&#8220; um gemeinsam etwas zu erreichen. Neben Hilfsprojekten wie dem Aufbau eines Waisenhauses in Oberhausens ukrainischer Partnerstadt sowie dem Aufbau einer Kleiderkammer verwies er auf Initiativen zur Integration von Fl\u00fcchtlingen in den Arbeitsmarkt, an denen er mitwirkt.  <\/p>\n<h3 class=\"spd-ob-crossheading\">&#8222;Ein Auge auf die werfen, die nicht selber schreien k\u00f6nnen!&#8220;<\/h3>\n<p>Als dritter im Bunde stellte sich <strong>Thomas Krey<\/strong> vor. Der 37-j\u00e4hrige, staatlich gepr\u00fcfte KfZ-Schadenssachverst\u00e4ndige und Bezirksb\u00fcrgermeister von Osterfeld ist seit seinem sechsten Lebensjahr dem Jugendverband &#8222;Die Falken&#8220; verbunden und mahnte Verbesserungen bei der Projektf\u00f6rderung und der Strukturf\u00f6rderung f\u00fcr die Arbeit der Jugendverb\u00e4nde an. Er mahnte Verbesserungen im Bereich der Lehrerausbildung und der digitalen Bildung an.  <\/p>\n<h3 class=\"spd-ob-crossheading\">&#8222;Brauchen eine neue sozialdemokratische Geschichte!&#8220;<\/h3>\n<p>Als vierter im Bunde stellte sich <strong>Frederik Cordes<\/strong> den Mitgliedern vor. Der 30-j\u00e4hrige Geograph ist  Vorsitzender des Jugendverbandes der SPD in NRW (den Jusos) mahnte Investitionen in die Zukunft \u2013 also in Infrastruktur, Daseinsvorsorge und Bildungschancen \u2013 an. Chancengerechtigkeit bleibe ein Thema. Er verwies auf Erfolge der Jusos wie die Abschaffung der Studiengeb\u00fchren.  <\/p>\n<p>&#8222;Klare Kante zeigen!&#8220; \u2013 &#8222;Raus gehen und nicht warten, bis die Leute zu uns kommen!&#8220; \u2013 &#8222;Auf kleine Themen setzen und zuh\u00f6ren, was Leute bewegt!&#8220; \u2013 diese und weitere Aussagen machten den Anwesenden deutlich, dass s\u00e4mtliche Kandidaten darauf brennen, f\u00fcr die SPD in die Landtagswahl zu gehen.  <\/p>\n<p>&#8222;Wir hoffen, jeder, der heute gekommen ist um sich ein Bild der Kandidaten zu machen, hat eine Entscheidungshilfe bekommen!&#8220; so der Vorsitzende des SPD-Unterbezirks Oberhausen, Dirk V\u00f6pel, am Ende der gut zweist\u00fcndigen Diskussion.  <\/p>\n<h3 class=\"spd-ob-crossheading\">Der weitere Ablauf<\/h3>\n<p> der Mitgliederbefragung:<\/p>\n<p>Bis Freitag, 03.06. um 13:00 Uhr haben alle SPD-Mitglieder aus Alt-Oberhausen und Osterfeld die M\u00f6glichkeit, per Briefwahl an der Mitgliederbefragung teilzunehmen. Am 03.06. um 17:00 Uhr werden in der SPD-Gesch\u00e4ftsstelle in der Schwartzstra\u00dfe 52 die Stimmen ausgew\u00e4hlt. Gewonnen hat, wer mehr als die H\u00e4lfte der abgegebenen Stimmen erzielt. Sollte niemand die absolute Mehrheit erzielen, findet zwischen den beiden Bestplatzierten eine Stichwahl statt. Diese w\u00fcrde bis Freitag, 24.06., laufen.<\/p>\n<p>Link zum Artikel auf derwesten.de:<\/p>\n<p><a href=\"http:\/\/www.derwesten.de\/staedte\/oberhausen\/spd-stimmt-ueber-landtagskandidaten-in-oberhausen-ab-id11855193.html\" target=\"_blank\">SPD stimmt \u00fcber Landtagskandidaten in Oberhausen ab | 25.05.2016 | <em>von<\/em> Stephanie Weltmann<\/a><\/p>\n","protected":false},"excerpt":{"rendered":"<p>Die Bewerber f\u00fcr die SPD-Landtagskandidatur im Wahlkreis Alt-Oberhausen und Osterfeld stellten sich auf einer Info-Veranstaltung vor: Gesellschaftlicher Zusammenhalt, der Kampf gegen die Arbeitslosigkeit sowie der Einsatz f\u00fcr Oberhausen in D\u00fcsseldorf&hellip; <\/p>\n","protected":false},"author":1,"featured_media":0,"comment_status":"closed","ping_status":"closed","sticky":false,"template":"","format":"standard","meta":{"footnotes":""},"categories":[173,178],"tags":[728,726,727,729,26],"quellen":[327],"class_list":["post-3120","post","type-post","status-publish","format-standard","hentry","category-parteileben","category-wahlen","tag-basis-statt-basta","tag-landtagswahl-2017","tag-mitgliederbefragung","tag-mitgliederbeteiligung","tag-mitgliederentscheid","quellen-spd-unterbezirk-oberhausen"],"_links":{"self":[{"href":"https:\/\/meier-gerdingh.de\/wp-spd-ob\/wp-json\/wp\/v2\/posts\/3120","targetHints":{"allow":["GET"]}}],"collection":[{"href":"https:\/\/meier-gerdingh.de\/wp-spd-ob\/wp-json\/wp\/v2\/posts"}],"about":[{"href":"https:\/\/meier-gerdingh.de\/wp-spd-ob\/wp-json\/wp\/v2\/types\/post"}],"author":[{"embeddable":true,"href":"https:\/\/meier-gerdingh.de\/wp-spd-ob\/wp-json\/wp\/v2\/users\/1"}],"replies":[{"embeddable":true,"href":"https:\/\/meier-gerdingh.de\/wp-spd-ob\/wp-json\/wp\/v2\/comments?post=3120"}],"version-history":[{"count":0,"href":"https:\/\/meier-gerdingh.de\/wp-spd-ob\/wp-json\/wp\/v2\/posts\/3120\/revisions"}],"wp:attachment":[{"href":"https:\/\/meier-gerdingh.de\/wp-spd-ob\/wp-json\/wp\/v2\/media?parent=3120"}],"wp:term":[{"taxonomy":"category","embeddable":true,"href":"https:\/\/meier-gerdingh.de\/wp-spd-ob\/wp-json\/wp\/v2\/categories?post=3120"},{"taxonomy":"post_tag","embeddable":true,"href":"https:\/\/meier-gerdingh.de\/wp-spd-ob\/wp-json\/wp\/v2\/tags?post=3120"},{"taxonomy":"quellen","embeddable":true,"href":"https:\/\/meier-gerdingh.de\/wp-spd-ob\/wp-json\/wp\/v2\/quellen?post=3120"}],"curies":[{"name":"wp","href":"https:\/\/api.w.org\/{rel}","templated":true}]}}