{"id":3125,"date":"2016-05-27T18:07:02","date_gmt":"2016-05-27T16:07:02","guid":{"rendered":"http:\/\/www.meier-gerdingh.de\/spd-oberhausen\/wp\/?p=3125"},"modified":"2016-05-29T18:14:42","modified_gmt":"2016-05-29T16:14:42","slug":"welche-rolle-spielt-die-kultur-fuer-unsere-stadt","status":"publish","type":"post","link":"https:\/\/meier-gerdingh.de\/wp-spd-ob\/2016\/05\/27\/welche-rolle-spielt-die-kultur-fuer-unsere-stadt\/","title":{"rendered":"Welche Rolle spielt die Kultur f\u00fcr unsere Stadt?"},"content":{"rendered":"<p><a href=\"http:\/\/meier-gerdingh.de\/wp-spd-ob\/wp-content\/uploads\/banner_spd_kulturforum.png\"><img decoding=\"async\" src=\"http:\/\/meier-gerdingh.de\/wp-spd-ob\/wp-content\/uploads\/banner_spd_kulturforum.png\" alt=\"banner_spd_kulturforum\" width=\"240\" height=\"166\" class=\"alignleft size-full wp-image-3126\" \/><\/a>Einladung zur <strong>Gr\u00fcndungsveranstaltung des Kulturforums der SPD Oberhausen<\/strong> am <strong>01.06.2016<\/strong>, um <strong>18.00 Uhr<\/strong>, im <strong>&#8222;Gdanska&#8220;, Altmarkt 3<\/strong>.<\/p>\n<p>Das Kulturforum der Sozialdemokratie ist ein bundesweiter Zusammenschluss f\u00fcr K\u00fcnstlerinnen und K\u00fcnstler, Kulturpolitikerinnen und Kulturpolitiker sowie Kulturinteressierte, die der SPD nahe stehen. Wir wollen auch in Oberhausen ein Kulturforum gr\u00fcnden, um eine offene Diskussion \u00fcber die Weiterentwicklung der Kultur in Oberhausen zu f\u00fchren und neue Impulse f\u00fcr Oberhausen zu setzen. F\u00fcr unsere Gr\u00fcndungsveranstaltung diskutieren wir die Frage &#8222;Kultur f\u00fcr alle!? \u2013 Welche Rolle spielt die Kultur f\u00fcr unsere Stadt?&#8220;.  <\/p>\n<p>Auf dem <strong>Podium<\/strong> mit dabei:<\/p>\n<ul>\n<li><strong>Dr. Christine Vogt<\/strong>, <em>Direktorin der Ludwig Galerie<\/em><\/li>\n<li><strong>Hartwig Kompa<\/strong>, <em>K\u00fcnstler und Mitglied der Bezirksvertretung Alt-Oberhausen<\/em><\/li>\n<li><strong>Ralf-Ingo St\u00f6ck<\/strong>,<em> rocko e.v.<\/em><\/li>\n<\/ul>\n<p>Die <strong>Moderation<\/strong> f\u00fcr den Abend \u00fcbernimmt der Kulturdezernent, K\u00e4mmerer und erster Beigeordneter der Stadt <strong>Apostolos Tsalastras<\/strong>.<\/p>\n<p>Im Anschluss gibt es die M\u00f6glichkeit zur Diskussion.<\/p>\n","protected":false},"excerpt":{"rendered":"<p>Einladung zur Gr\u00fcndungsveranstaltung des Kulturforums der SPD Oberhausen am 01.06.2016, um 18.00 Uhr, im &#8222;Gdanska&#8220;, Altmarkt 3. Das Kulturforum der Sozialdemokratie ist ein bundesweiter Zusammenschluss f\u00fcr K\u00fcnstlerinnen und K\u00fcnstler, Kulturpolitikerinnen&hellip; <\/p>\n","protected":false},"author":1,"featured_media":0,"comment_status":"closed","ping_status":"closed","sticky":false,"template":"","format":"standard","meta":{"footnotes":""},"categories":[40,171],"tags":[738],"quellen":[327],"class_list":["post-3125","post","type-post","status-publish","format-standard","hentry","category-kultur","category-veranstaltungen","tag-spd-kulturforum","quellen-spd-unterbezirk-oberhausen"],"_links":{"self":[{"href":"https:\/\/meier-gerdingh.de\/wp-spd-ob\/wp-json\/wp\/v2\/posts\/3125","targetHints":{"allow":["GET"]}}],"collection":[{"href":"https:\/\/meier-gerdingh.de\/wp-spd-ob\/wp-json\/wp\/v2\/posts"}],"about":[{"href":"https:\/\/meier-gerdingh.de\/wp-spd-ob\/wp-json\/wp\/v2\/types\/post"}],"author":[{"embeddable":true,"href":"https:\/\/meier-gerdingh.de\/wp-spd-ob\/wp-json\/wp\/v2\/users\/1"}],"replies":[{"embeddable":true,"href":"https:\/\/meier-gerdingh.de\/wp-spd-ob\/wp-json\/wp\/v2\/comments?post=3125"}],"version-history":[{"count":0,"href":"https:\/\/meier-gerdingh.de\/wp-spd-ob\/wp-json\/wp\/v2\/posts\/3125\/revisions"}],"wp:attachment":[{"href":"https:\/\/meier-gerdingh.de\/wp-spd-ob\/wp-json\/wp\/v2\/media?parent=3125"}],"wp:term":[{"taxonomy":"category","embeddable":true,"href":"https:\/\/meier-gerdingh.de\/wp-spd-ob\/wp-json\/wp\/v2\/categories?post=3125"},{"taxonomy":"post_tag","embeddable":true,"href":"https:\/\/meier-gerdingh.de\/wp-spd-ob\/wp-json\/wp\/v2\/tags?post=3125"},{"taxonomy":"quellen","embeddable":true,"href":"https:\/\/meier-gerdingh.de\/wp-spd-ob\/wp-json\/wp\/v2\/quellen?post=3125"}],"curies":[{"name":"wp","href":"https:\/\/api.w.org\/{rel}","templated":true}]}}