{"id":3128,"date":"2016-05-27T18:11:38","date_gmt":"2016-05-27T16:11:38","guid":{"rendered":"http:\/\/www.meier-gerdingh.de\/spd-oberhausen\/wp\/?p=3128"},"modified":"2017-01-03T20:22:28","modified_gmt":"2017-01-03T19:22:28","slug":"spd-sterkrade-sued-laedt-zum-rundgang-ueber-die-sterkrader-fronleichnamskirmes-ein","status":"publish","type":"post","link":"https:\/\/meier-gerdingh.de\/wp-spd-ob\/2016\/05\/27\/spd-sterkrade-sued-laedt-zum-rundgang-ueber-die-sterkrader-fronleichnamskirmes-ein\/","title":{"rendered":"SPD Sterkrade-S\u00fcd l\u00e4dt zum Rundgang \u00fcber die Sterkrader Fronleichnamskirmes ein"},"content":{"rendered":"<p><a href=\"http:\/\/meier-gerdingh.de\/wp-spd-ob\/wp-content\/uploads\/fronleichnamskirmes_riesenrad.jpg\"><img decoding=\"async\" class=\"aligncenter size-full wp-image-3127\" src=\"http:\/\/meier-gerdingh.de\/wp-spd-ob\/wp-content\/uploads\/fronleichnamskirmes_riesenrad.jpg\" alt=\"fronleichnamskirmes_riesenrad\" width=\"600\" height=\"325\" srcset=\"https:\/\/meier-gerdingh.de\/wp-spd-ob\/wp-content\/uploads\/fronleichnamskirmes_riesenrad.jpg 600w, https:\/\/meier-gerdingh.de\/wp-spd-ob\/wp-content\/uploads\/fronleichnamskirmes_riesenrad-300x163.jpg 300w\" sizes=\"(max-width: 600px) 100vw, 600px\" \/><\/a>Der SPD-Ortsverein Sterkrade-S\u00fcd ist stolz darauf, dass die gr\u00f6\u00dfte Stra\u00dfenkirmes Europas in seinem Ortsvereinsgebiet liegt. Aus diesem Grund l\u00e4dt er auch in diesem Jahr wieder zu einem Rundgang \u00fcber die Kirmes ein. Treffpunkt ist am kommenden <strong>Montag, 30. Mai 2016, um 19.00 Uhr, vor dem Haupteingang des Technisches Rathauses<\/strong> (an der roten Treppe). Neben den Mitgliedern sind Freunde und Bekannte gerne gesehen.<\/p>\n","protected":false},"excerpt":{"rendered":"<p>Der SPD-Ortsverein Sterkrade-S\u00fcd ist stolz darauf, dass die gr\u00f6\u00dfte Stra\u00dfenkirmes Europas in seinem Ortsvereinsgebiet liegt. Aus diesem Grund l\u00e4dt er auch in diesem Jahr wieder zu einem Rundgang \u00fcber die&hellip; <\/p>\n","protected":false},"author":1,"featured_media":0,"comment_status":"closed","ping_status":"closed","sticky":false,"template":"","format":"standard","meta":{"footnotes":""},"categories":[171],"tags":[739],"quellen":[338],"class_list":["post-3128","post","type-post","status-publish","format-standard","hentry","category-veranstaltungen","tag-fronleichnamskirmes","quellen-ov-sterkrade-sued"],"_links":{"self":[{"href":"https:\/\/meier-gerdingh.de\/wp-spd-ob\/wp-json\/wp\/v2\/posts\/3128","targetHints":{"allow":["GET"]}}],"collection":[{"href":"https:\/\/meier-gerdingh.de\/wp-spd-ob\/wp-json\/wp\/v2\/posts"}],"about":[{"href":"https:\/\/meier-gerdingh.de\/wp-spd-ob\/wp-json\/wp\/v2\/types\/post"}],"author":[{"embeddable":true,"href":"https:\/\/meier-gerdingh.de\/wp-spd-ob\/wp-json\/wp\/v2\/users\/1"}],"replies":[{"embeddable":true,"href":"https:\/\/meier-gerdingh.de\/wp-spd-ob\/wp-json\/wp\/v2\/comments?post=3128"}],"version-history":[{"count":0,"href":"https:\/\/meier-gerdingh.de\/wp-spd-ob\/wp-json\/wp\/v2\/posts\/3128\/revisions"}],"wp:attachment":[{"href":"https:\/\/meier-gerdingh.de\/wp-spd-ob\/wp-json\/wp\/v2\/media?parent=3128"}],"wp:term":[{"taxonomy":"category","embeddable":true,"href":"https:\/\/meier-gerdingh.de\/wp-spd-ob\/wp-json\/wp\/v2\/categories?post=3128"},{"taxonomy":"post_tag","embeddable":true,"href":"https:\/\/meier-gerdingh.de\/wp-spd-ob\/wp-json\/wp\/v2\/tags?post=3128"},{"taxonomy":"quellen","embeddable":true,"href":"https:\/\/meier-gerdingh.de\/wp-spd-ob\/wp-json\/wp\/v2\/quellen?post=3128"}],"curies":[{"name":"wp","href":"https:\/\/api.w.org\/{rel}","templated":true}]}}