{"id":3129,"date":"2016-05-31T17:56:27","date_gmt":"2016-05-31T15:56:27","guid":{"rendered":"http:\/\/www.meier-gerdingh.de\/spd-oberhausen\/wp\/?p=3129"},"modified":"2016-05-31T17:56:55","modified_gmt":"2016-05-31T15:56:55","slug":"wir-sollten-beschaeftigung-und-nicht-arbeitslosigkeit-finanzieren","status":"publish","type":"post","link":"https:\/\/meier-gerdingh.de\/wp-spd-ob\/2016\/05\/31\/wir-sollten-beschaeftigung-und-nicht-arbeitslosigkeit-finanzieren\/","title":{"rendered":"&#8222;Wir sollten Besch\u00e4ftigung und nicht Arbeitslosigkeit finanzieren&#8220;"},"content":{"rendered":"<p><a href=\"http:\/\/meier-gerdingh.de\/wp-spd-ob\/wp-content\/uploads\/banner_spd_lg_nrw_50_jahre.jpg\"><img decoding=\"async\" src=\"http:\/\/meier-gerdingh.de\/wp-spd-ob\/wp-content\/uploads\/banner_spd_lg_nrw_50_jahre.jpg\" alt=\"banner_spd_lg_nrw_50_jahre\" width=\"600\" height=\"89\" class=\"aligncenter size-full wp-image-3130\" srcset=\"https:\/\/meier-gerdingh.de\/wp-spd-ob\/wp-content\/uploads\/banner_spd_lg_nrw_50_jahre.jpg 600w, https:\/\/meier-gerdingh.de\/wp-spd-ob\/wp-content\/uploads\/banner_spd_lg_nrw_50_jahre-300x45.jpg 300w\" sizes=\"(max-width: 600px) 100vw, 600px\" \/><\/a><em>Wie der Oberhausener SPD-Bundestagsabgeordnete Dirk V\u00f6pel mitteilt, will die NRW-Landesgruppe in der SPD-Bundestagsfraktion Langzeitarbeitslosen durch \u00f6ffentlich gef\u00f6rderte Besch\u00e4ftigung eine neue Perspektive bieten.<\/em><\/p>\n<p>&#8222;An Langzeitarbeitslosen geht der anhaltende konjunkturelle Aufschwung fast vollst\u00e4ndig vorbei&#8220;, beklagt der Oberhausener Bundestagsabgeordnete Dirk V\u00f6pel. Diese Erkenntnis sei Anlass gewesen, intensiv \u00fcber m\u00f6gliche Alternativen f\u00fcr diese Personengruppe nachzudenken. V\u00f6pel w\u00f6rtlich: &#8222;Jeder Mensch hat St\u00e4rken und Potenziale, die er zum Wohle der Gemeinschaft einsetzen kann. Und jeder Mensch hat das Recht auf soziale Teilhabe. Leider zeigt sich, dass einige Personen aufgrund verschiedener individueller oder struktureller Umst\u00e4nde keine Chance auf Anstellung in einer regul\u00e4ren Besch\u00e4ftigung haben. Es ist eine Frage der Gerechtigkeit, sich auch um diese Leute zu k\u00fcmmern.&#8220;<!--more--><\/p>\n<p>Konkret schlagen die NRW-Abgeordneten vor, \u00fcber den sogenannten Passiv-Aktiv-Transfer einen &#8222;sozialen Arbeitsmarkt&#8220; zu etablieren. Gelder, die als Passivleistungen (&#8222;Hartz IV&#8220;) sowieso ausgegeben w\u00fcrden, sollen in die F\u00f6rderung von sozialversicherungspflichtiger Besch\u00e4ftigung flie\u00dfen. Ein gro\u00dfer Teil der Lohnkosten k\u00f6nnte damit bereits gedeckt werden. \u00d6ffentlich gef\u00f6rderte Arbeitspl\u00e4tze w\u00fcrden zus\u00e4tzlich geschaffen und l\u00e4gen im \u00f6ffentlichen Interesse. <\/p>\n<p>Als potentielle Einsatzfelder seien beispielsweise Bus- und Bahnbegleitdienste oder Hausmeisterassistenzen denkbar.<\/p>\n<p>Dirk V\u00f6pel: &#8222;Die Grundidee ist einfach: Statt Arbeitslosigkeit wird sinnstiftende Arbeit finanziert. Allein in Nordrhein-Westfalen k\u00f6nnten bis zu 50.000 Personen von dem Ansatz profitieren. Kurzfristig bedeutet die Aufnahme einer \u00f6ffentlich gef\u00f6rderten Besch\u00e4ftigung die Steigerung des Selbstwertgef\u00fchls, gr\u00f6\u00dfere gesellschaftliche Teilhabe und mehr Einkommen. Mittel- und langfristig werden eigenst\u00e4ndige Anspr\u00fcche in den sozialen Sicherungssystemen aufgebaut und im bestm\u00f6glichen Fall die R\u00fcckkehr in den ersten Arbeitsmarkt geschafft.&#8220;<\/p>\n<p>Der Appell der SPD-Abgeordneten richtet sich vor allem an den Koalitionspartner CDU\/CSU. Vorhandene Landes- und Bundesprogramme der SPD-Minister Rainer Schmeltzer und Andrea Nahles seien wichtige erste Schritte, die modellhaft zeigen, wie ein sozialer Arbeitsmarkt aussehen und welche Effekte er generieren k\u00f6nnte. Um aber das volle Potenzial \u00f6ffentlich gef\u00f6rderter Besch\u00e4ftigung auszusch\u00f6pfen, m\u00fcsse die Union ihre Blockadehaltung bei dem Thema endlich aufgeben. <\/p>\n<p>&#8222;Das Signal aus NRW ist klar: Finanzminister Sch\u00e4uble und seine Parteifreunde sind aufgerufen, zusammen mit der SPD den Weg f\u00fcr einen dauerhaften und fl\u00e4chendeckenden \u00f6ffentlichen Besch\u00e4ftigungssektor frei zu machen&#8220;, so V\u00f6pel abschlie\u00dfend.<\/p>\n","protected":false},"excerpt":{"rendered":"<p>Wie der Oberhausener SPD-Bundestagsabgeordnete Dirk V\u00f6pel mitteilt, will die NRW-Landesgruppe in der SPD-Bundestagsfraktion Langzeitarbeitslosen durch \u00f6ffentlich gef\u00f6rderte Besch\u00e4ftigung eine neue Perspektive bieten. &#8222;An Langzeitarbeitslosen geht der anhaltende konjunkturelle Aufschwung fast&hellip; <\/p>\n","protected":false},"author":1,"featured_media":0,"comment_status":"closed","ping_status":"closed","sticky":false,"template":"","format":"standard","meta":{"footnotes":""},"categories":[174,180],"tags":[543,741,5,742,431,744,745,740,743],"quellen":[330],"class_list":["post-3129","post","type-post","status-publish","format-standard","hentry","category-arbeit-und-soziales","category-bund","tag-bundesfoerderung","tag-hartz-iv","tag-landesfoerderung","tag-langzeitarbeitslose","tag-langzeitarbeitslosigkeit","tag-oeffentlicher-beschaeftigungssektor","tag-soziale-teilhabe","tag-sozialer-arbeitsmarkt","tag-spd-landesgruppe-nrw","quellen-mdb-dirk-voepel"],"_links":{"self":[{"href":"https:\/\/meier-gerdingh.de\/wp-spd-ob\/wp-json\/wp\/v2\/posts\/3129","targetHints":{"allow":["GET"]}}],"collection":[{"href":"https:\/\/meier-gerdingh.de\/wp-spd-ob\/wp-json\/wp\/v2\/posts"}],"about":[{"href":"https:\/\/meier-gerdingh.de\/wp-spd-ob\/wp-json\/wp\/v2\/types\/post"}],"author":[{"embeddable":true,"href":"https:\/\/meier-gerdingh.de\/wp-spd-ob\/wp-json\/wp\/v2\/users\/1"}],"replies":[{"embeddable":true,"href":"https:\/\/meier-gerdingh.de\/wp-spd-ob\/wp-json\/wp\/v2\/comments?post=3129"}],"version-history":[{"count":0,"href":"https:\/\/meier-gerdingh.de\/wp-spd-ob\/wp-json\/wp\/v2\/posts\/3129\/revisions"}],"wp:attachment":[{"href":"https:\/\/meier-gerdingh.de\/wp-spd-ob\/wp-json\/wp\/v2\/media?parent=3129"}],"wp:term":[{"taxonomy":"category","embeddable":true,"href":"https:\/\/meier-gerdingh.de\/wp-spd-ob\/wp-json\/wp\/v2\/categories?post=3129"},{"taxonomy":"post_tag","embeddable":true,"href":"https:\/\/meier-gerdingh.de\/wp-spd-ob\/wp-json\/wp\/v2\/tags?post=3129"},{"taxonomy":"quellen","embeddable":true,"href":"https:\/\/meier-gerdingh.de\/wp-spd-ob\/wp-json\/wp\/v2\/quellen?post=3129"}],"curies":[{"name":"wp","href":"https:\/\/api.w.org\/{rel}","templated":true}]}}