{"id":3133,"date":"2016-06-01T19:04:59","date_gmt":"2016-06-01T17:04:59","guid":{"rendered":"http:\/\/www.meier-gerdingh.de\/spd-oberhausen\/wp\/?p=3133"},"modified":"2016-12-27T15:51:32","modified_gmt":"2016-12-27T14:51:32","slug":"integration-muss-gelingen-mehr-geld-fuer-deutsch-und-integrationslehrer","status":"publish","type":"post","link":"https:\/\/meier-gerdingh.de\/wp-spd-ob\/2016\/06\/01\/integration-muss-gelingen-mehr-geld-fuer-deutsch-und-integrationslehrer\/","title":{"rendered":"Integration muss gelingen \u2013 mehr Geld f\u00fcr Deutsch- und Integrationslehrer"},"content":{"rendered":"<div id=\"attachment_1681\" style=\"width: 150px\" class=\"wp-caption alignleft\"><a href=\"http:\/\/meier-gerdingh.de\/wp-spd-ob\/wp-content\/uploads\/voepel_dirk_mdb.jpg\"><img aria-describedby=\"caption-attachment-1681\" decoding=\"async\" class=\"size-full wp-image-1681\" src=\"http:\/\/meier-gerdingh.de\/wp-spd-ob\/wp-content\/uploads\/voepel_dirk_mdb.jpg\" alt=\"Dirk V\u00f6pel ist der direkt gew\u00e4hlte Bundestagsabgeordnete f\u00fcr Oberhausen und Dinslaken\" width=\"140\" height=\"180\" \/><\/a><p id=\"caption-attachment-1681\" class=\"wp-caption-text\">Dirk V\u00f6pel ist der direkt gew\u00e4hlte Bundestagsabgeordnete f\u00fcr Oberhausen und Dinslaken<\/p><\/div>\n<p><em>Ich bin sehr froh, dass wir Sozialdemokraten eine bessere Bezahlung der Lehrkr\u00e4fte in den Sprach- und Integrationskursen durchgesetzt haben, erkl\u00e4rt der SPD-Bundestagsabgeordnete f\u00fcr Oberhausen und Dinslaken:<\/em><\/p>\n<p>Die Lehrkr\u00e4fte in den Sprach- und Integrationskursen leisten einen elementaren Beitrag zum Gelingen der Integration von Fl\u00fcchtlingen. Nur wenn wir sie angemessen bezahlen, werden wir ausreichend Personal bekommen. Deshalb haben wir jetzt mit einem Beschluss im Haushaltsausschuss des Deutschen Bundestages eine Mindestverg\u00fctung von 35 Euro pro Stunde sichergestellt.<!--more--><\/p>\n<p>In diesem Jahr werden wir mehr als doppelt so viele Sprach- und Integrationskurse bereitstellen m\u00fcssen. Schon jetzt haben wir zu wenig qualifizierte Lehrer daf\u00fcr. Diesem Mangel k\u00f6nnen wir nur begegnen, wenn wir die Lehrkr\u00e4fteverg\u00fctung deutlich verbessern und damit endlich faire, gerechte und motivierende Geh\u00e4lter zahlen.<\/p>\n<p>Die bislang in dem Bereich gezahlten Geh\u00e4lter reichen bei Weitem nicht aus, um gen\u00fcgend qualifiziertes Personal anzuwerben. Bereits seit Langem weisen wir auf diesen Umstand hin und haben uns f\u00fcr eine deutliche Verbesserung stark gemacht.<\/p>\n<p>Dieser Einsatz hat sich jetzt gelohnt. Wir konnten mit dem Koalitionspartner einen Beschluss im Haushaltsauschuss herbeif\u00fchren, der das Bundesinnenministerium erm\u00e4chtigt, den Kostenerstattungssatz f\u00fcr die Integrationskurse auf bis zu 4,00 Euro pro Teilnehmer und Unterrichtseinheit zu erh\u00f6hen. Mit diesem erh\u00f6htem Kostenerstattungssatz wollen wir eine Mindestverg\u00fctung der Lehrer von 35 Euro pro Unterrichtseinheit garantieren.<\/p>\n<p>Das Innenministerium muss in Zukunft sicherstellen, dass die entsprechenden Anbieter der Kurse diese Mindestverg\u00fctung auch an die Lehrkr\u00e4fte auszahlen. Um eine effiziente und effektive Aufgabenerledigung in diesem wichtigen Teilbereich der Integration zu erreichen, fordern wir die Bundesregierung auf, eine wirkungsvolle Gesamtstrategie f\u00fcr die verschiedenen Ma\u00dfnahmen der Sprachf\u00f6rderung zu entwickeln und fortlaufend deren Wirksamkeit zu \u00fcberpr\u00fcfen.<\/p>\n<p>Integration f\u00e4ngt beim Erlernen der Sprache an und kann nur gelingen, wenn wir daf\u00fcr gute Lehrerinnen und Lehrer bereitstellen.<\/p>\n","protected":false},"excerpt":{"rendered":"<p>Ich bin sehr froh, dass wir Sozialdemokraten eine bessere Bezahlung der Lehrkr\u00e4fte in den Sprach- und Integrationskursen durchgesetzt haben, erkl\u00e4rt der SPD-Bundestagsabgeordnete f\u00fcr Oberhausen und Dinslaken: Die Lehrkr\u00e4fte in den&hellip; <\/p>\n","protected":false},"author":1,"featured_media":0,"comment_status":"closed","ping_status":"closed","sticky":false,"template":"","format":"standard","meta":{"footnotes":""},"categories":[61],"tags":[746,209,695,747,748,163,576],"quellen":[330],"class_list":["post-3133","post","type-post","status-publish","format-standard","hentry","category-integration","tag-deutsch-kurse","tag-fluechtlinge","tag-fluechtlingskinder","tag-integrationskurse","tag-lehrkraefteverguetung","tag-sprachfoerderung","tag-sprachkurse","quellen-mdb-dirk-voepel"],"_links":{"self":[{"href":"https:\/\/meier-gerdingh.de\/wp-spd-ob\/wp-json\/wp\/v2\/posts\/3133","targetHints":{"allow":["GET"]}}],"collection":[{"href":"https:\/\/meier-gerdingh.de\/wp-spd-ob\/wp-json\/wp\/v2\/posts"}],"about":[{"href":"https:\/\/meier-gerdingh.de\/wp-spd-ob\/wp-json\/wp\/v2\/types\/post"}],"author":[{"embeddable":true,"href":"https:\/\/meier-gerdingh.de\/wp-spd-ob\/wp-json\/wp\/v2\/users\/1"}],"replies":[{"embeddable":true,"href":"https:\/\/meier-gerdingh.de\/wp-spd-ob\/wp-json\/wp\/v2\/comments?post=3133"}],"version-history":[{"count":0,"href":"https:\/\/meier-gerdingh.de\/wp-spd-ob\/wp-json\/wp\/v2\/posts\/3133\/revisions"}],"wp:attachment":[{"href":"https:\/\/meier-gerdingh.de\/wp-spd-ob\/wp-json\/wp\/v2\/media?parent=3133"}],"wp:term":[{"taxonomy":"category","embeddable":true,"href":"https:\/\/meier-gerdingh.de\/wp-spd-ob\/wp-json\/wp\/v2\/categories?post=3133"},{"taxonomy":"post_tag","embeddable":true,"href":"https:\/\/meier-gerdingh.de\/wp-spd-ob\/wp-json\/wp\/v2\/tags?post=3133"},{"taxonomy":"quellen","embeddable":true,"href":"https:\/\/meier-gerdingh.de\/wp-spd-ob\/wp-json\/wp\/v2\/quellen?post=3133"}],"curies":[{"name":"wp","href":"https:\/\/api.w.org\/{rel}","templated":true}]}}