{"id":3134,"date":"2016-05-30T10:03:16","date_gmt":"2016-05-30T08:03:16","guid":{"rendered":"http:\/\/www.meier-gerdingh.de\/spd-oberhausen\/wp\/?p=3134"},"modified":"2016-12-27T15:50:40","modified_gmt":"2016-12-27T14:50:40","slug":"spd-frauen-laden-am-09-06-zum-sterkrader-stadtspaziergang-ein","status":"publish","type":"post","link":"https:\/\/meier-gerdingh.de\/wp-spd-ob\/2016\/05\/30\/spd-frauen-laden-am-09-06-zum-sterkrader-stadtspaziergang-ein\/","title":{"rendered":"SPD-Frauen laden am 09.06. zum Sterkrader Stadtspaziergang ein"},"content":{"rendered":"<div id=\"attachment_3135\" style=\"width: 610px\" class=\"wp-caption aligncenter\"><a href=\"http:\/\/meier-gerdingh.de\/wp-spd-ob\/wp-content\/uploads\/asf_oberhausen_frauentag_2016.jpg\"><img aria-describedby=\"caption-attachment-3135\" decoding=\"async\" class=\"size-full wp-image-3135\" src=\"http:\/\/meier-gerdingh.de\/wp-spd-ob\/wp-content\/uploads\/asf_oberhausen_frauentag_2016.jpg\" alt=\"Die AsF Oberhausen l\u00e4dt zum Stadtteilspaziergang nach Sterkrade\" width=\"600\" height=\"377\" srcset=\"https:\/\/meier-gerdingh.de\/wp-spd-ob\/wp-content\/uploads\/asf_oberhausen_frauentag_2016.jpg 600w, https:\/\/meier-gerdingh.de\/wp-spd-ob\/wp-content\/uploads\/asf_oberhausen_frauentag_2016-300x189.jpg 300w\" sizes=\"(max-width: 600px) 100vw, 600px\" \/><\/a><p id=\"caption-attachment-3135\" class=\"wp-caption-text\">Die AsF Oberhausen l\u00e4dt zum Stadtteilspaziergang nach Sterkrade<\/p><\/div>\n<p>Die Entwicklung unserer Stadt geht \u2013 im wahrsten Sinne des Wortes \u2013 alle an. Eine Planung am Rei\u00dfbrett entspricht schon lange nicht mehr den Bed\u00fcrfnissen derjenigen, bei denen es um Stadtentwicklung gehen soll \u2013 n\u00e4mlich den Menschen bzw. den Einwohnerinnen und Einwohnern ihrer Stadt.<\/p>\n<p>Aus diesem Grund laden die der Oberhausener SPD-Frauen (die Arbeitsgemeinschaft sozialdemokratischer Frauen &#8211; AsF) f\u00fcr<\/p>\n<p><strong>Donnerstag, den 9. Juni 2016, um 18.00 Uhr,<br \/>\nam Stadtteilb\u00fcro Sterkrade, Bahnhofstra\u00dfe 42 (Eingang Gartenstra\u00dfe) <\/strong><\/p>\n<p>zum Sterkrader Stadtspaziergang herzlich ein.<\/p>\n<p>Als fachkundige Referentin konnte die Stadtteilmanagerin von Sterkrade, Frau Zillgen, gewonnen werden. Sie wird die grunds\u00e4tzlichen Zielsetzungen des Stadtteilprojekts erl\u00e4utern und das Projektgebiet, die Innenstadt von Sterkrade, zeigen.<!--more--><\/p>\n<p>Es wird Gelegenheit geben, Fragen zu stellen und mit Frau Zillgen dar\u00fcber zu diskutieren, wie und welche frauenspezifischen Belange in das Stadtteilprojekt einbezogen werden k\u00f6nnen.<\/p>\n<p>&#8222;Mit dieser Veranstaltung m\u00f6chte die Oberhausener AsF einen weiblichen Blick in das konkrete Projekt einbringen, aber auch einen Beitrag zu einer st\u00e4rker sozialdemokratisch gepr\u00e4gten Stadtentwicklung in Oberhausen insgesamt leisten&#8220;, so die Vorsitzende der Oberhausener AsF Ute Jordan-Ecker.<\/p>\n<p>Zu dieser Veranstaltung sind interessierte B\u00fcrgerinnen, die nicht SPD-Mitglied, ausdr\u00fccklich eingeladen.<\/p>\n<p>F\u00fcr R\u00fcckfragen stehen wir Ihnen unter (0208) 2 33 34 gerne zur Verf\u00fcgung!<\/p>\n","protected":false},"excerpt":{"rendered":"<p>Die Entwicklung unserer Stadt geht \u2013 im wahrsten Sinne des Wortes \u2013 alle an. Eine Planung am Rei\u00dfbrett entspricht schon lange nicht mehr den Bed\u00fcrfnissen derjenigen, bei denen es um&hellip; <\/p>\n","protected":false},"author":1,"featured_media":0,"comment_status":"closed","ping_status":"closed","sticky":false,"template":"","format":"standard","meta":{"footnotes":""},"categories":[16,167],"tags":[750,749,753,752,46,751],"quellen":[341],"class_list":["post-3134","post","type-post","status-publish","format-standard","hentry","category-stadtentwicklung","category-stadtteile","tag-stadtentwicklung-sterkrade","tag-stadtteilbuero-sterkrade","tag-stadtteilmanagement","tag-stadtteilprojekt-sterkrade","tag-sterkrade","tag-sterkrader-stadtspaziergang","quellen-asf-oberhausen"],"_links":{"self":[{"href":"https:\/\/meier-gerdingh.de\/wp-spd-ob\/wp-json\/wp\/v2\/posts\/3134","targetHints":{"allow":["GET"]}}],"collection":[{"href":"https:\/\/meier-gerdingh.de\/wp-spd-ob\/wp-json\/wp\/v2\/posts"}],"about":[{"href":"https:\/\/meier-gerdingh.de\/wp-spd-ob\/wp-json\/wp\/v2\/types\/post"}],"author":[{"embeddable":true,"href":"https:\/\/meier-gerdingh.de\/wp-spd-ob\/wp-json\/wp\/v2\/users\/1"}],"replies":[{"embeddable":true,"href":"https:\/\/meier-gerdingh.de\/wp-spd-ob\/wp-json\/wp\/v2\/comments?post=3134"}],"version-history":[{"count":0,"href":"https:\/\/meier-gerdingh.de\/wp-spd-ob\/wp-json\/wp\/v2\/posts\/3134\/revisions"}],"wp:attachment":[{"href":"https:\/\/meier-gerdingh.de\/wp-spd-ob\/wp-json\/wp\/v2\/media?parent=3134"}],"wp:term":[{"taxonomy":"category","embeddable":true,"href":"https:\/\/meier-gerdingh.de\/wp-spd-ob\/wp-json\/wp\/v2\/categories?post=3134"},{"taxonomy":"post_tag","embeddable":true,"href":"https:\/\/meier-gerdingh.de\/wp-spd-ob\/wp-json\/wp\/v2\/tags?post=3134"},{"taxonomy":"quellen","embeddable":true,"href":"https:\/\/meier-gerdingh.de\/wp-spd-ob\/wp-json\/wp\/v2\/quellen?post=3134"}],"curies":[{"name":"wp","href":"https:\/\/api.w.org\/{rel}","templated":true}]}}