{"id":3142,"date":"2016-06-06T20:31:47","date_gmt":"2016-06-06T18:31:47","guid":{"rendered":"http:\/\/www.meier-gerdingh.de\/spd-oberhausen\/wp\/?p=3142"},"modified":"2016-06-27T20:34:28","modified_gmt":"2016-06-27T18:34:28","slug":"fernwaermeschiene-rhein-ruhr-belastung-fuer-die-buerger","status":"publish","type":"post","link":"https:\/\/meier-gerdingh.de\/wp-spd-ob\/2016\/06\/06\/fernwaermeschiene-rhein-ruhr-belastung-fuer-die-buerger\/","title":{"rendered":"&#8222;Fernw\u00e4rmeschiene Rhein-Ruhr \u2013 Belastung f\u00fcr die B\u00fcrger?&#8220;"},"content":{"rendered":"<p>Der SPD-Ortsverein Sterkrade-S\u00fcd l\u00e4dt zur Veranstaltung mit Bernd Homberg, EVO AG, zum Thema Fernw\u00e4rmeschiene Rhein-Ruhr ein &#8222;Fernw\u00e4rmeschiene Rhein-Ruhr  \u2013 Belastung f\u00fcr die B\u00fcrger?&#8220; &#8211; unter dieser \u00dcberschrift l\u00e4dt der SPD-Ortsverein Sterkrade-S\u00fcd zu einer Mitgliederversammlung am kommenden Donnerstag (09.06.2016) ein.<!--more--><\/p>\n<p>Die geplante Fernw\u00e4rmeschiene wird auf einer L\u00e4nge rund 10 km das Oberhausener Stadtgebiet vor allem entlang der Emscher und der Kleinen Emscher queren. In Buschhausen am sogenannten Pantoffelpark entlang der Kleinen Emscher wird mit einer besonderen Konstruktion den Beeintr\u00e4chtigungen begegnet.<\/p>\n<p>Bernd Homberg, technischer Vorstand der Energieversorgung, wird erl\u00e4utern, wie Industrieanlagen in Alltags- und Naturgegebenheiten einpasst werden k\u00f6nnen. Die Veranstaltung findet am <\/p>\n<p><strong>Donnerstag, 09.06.2016, ab 19.00 Uhr,<br \/>\nin der Gastst\u00e4tte &#8222;Klumpen Moritz, Bahnhofstra\u00dfe 30,<\/strong> <\/p>\n<p>in Sterkrade statt.<\/p>\n<p>Selbstverst\u00e4ndlich sind alle Interessierten hierzu herzlich eingeladen.<\/p>\n","protected":false},"excerpt":{"rendered":"<p>Der SPD-Ortsverein Sterkrade-S\u00fcd l\u00e4dt zur Veranstaltung mit Bernd Homberg, EVO AG, zum Thema Fernw\u00e4rmeschiene Rhein-Ruhr ein &#8222;Fernw\u00e4rmeschiene Rhein-Ruhr \u2013 Belastung f\u00fcr die B\u00fcrger?&#8220; &#8211; unter dieser \u00dcberschrift l\u00e4dt der SPD-Ortsverein&hellip; <\/p>\n","protected":false},"author":1,"featured_media":0,"comment_status":"closed","ping_status":"closed","sticky":false,"template":"","format":"standard","meta":{"footnotes":""},"categories":[29,311],"tags":[770,767,764,769,765,766,768],"quellen":[338],"class_list":["post-3142","post","type-post","status-publish","format-standard","hentry","category-umwelt","category-wirtschaft","tag-bernd-homberg","tag-emscher","tag-energiepolitik","tag-evo","tag-fernwaerme","tag-fernwaermeschiene-rhein-ruhr","tag-kleine-emscher","quellen-ov-sterkrade-sued"],"_links":{"self":[{"href":"https:\/\/meier-gerdingh.de\/wp-spd-ob\/wp-json\/wp\/v2\/posts\/3142","targetHints":{"allow":["GET"]}}],"collection":[{"href":"https:\/\/meier-gerdingh.de\/wp-spd-ob\/wp-json\/wp\/v2\/posts"}],"about":[{"href":"https:\/\/meier-gerdingh.de\/wp-spd-ob\/wp-json\/wp\/v2\/types\/post"}],"author":[{"embeddable":true,"href":"https:\/\/meier-gerdingh.de\/wp-spd-ob\/wp-json\/wp\/v2\/users\/1"}],"replies":[{"embeddable":true,"href":"https:\/\/meier-gerdingh.de\/wp-spd-ob\/wp-json\/wp\/v2\/comments?post=3142"}],"version-history":[{"count":0,"href":"https:\/\/meier-gerdingh.de\/wp-spd-ob\/wp-json\/wp\/v2\/posts\/3142\/revisions"}],"wp:attachment":[{"href":"https:\/\/meier-gerdingh.de\/wp-spd-ob\/wp-json\/wp\/v2\/media?parent=3142"}],"wp:term":[{"taxonomy":"category","embeddable":true,"href":"https:\/\/meier-gerdingh.de\/wp-spd-ob\/wp-json\/wp\/v2\/categories?post=3142"},{"taxonomy":"post_tag","embeddable":true,"href":"https:\/\/meier-gerdingh.de\/wp-spd-ob\/wp-json\/wp\/v2\/tags?post=3142"},{"taxonomy":"quellen","embeddable":true,"href":"https:\/\/meier-gerdingh.de\/wp-spd-ob\/wp-json\/wp\/v2\/quellen?post=3142"}],"curies":[{"name":"wp","href":"https:\/\/api.w.org\/{rel}","templated":true}]}}