{"id":3144,"date":"2016-06-07T21:02:12","date_gmt":"2016-06-07T19:02:12","guid":{"rendered":"http:\/\/www.meier-gerdingh.de\/spd-oberhausen\/wp\/?p=3144"},"modified":"2016-12-27T15:52:58","modified_gmt":"2016-12-27T14:52:58","slug":"sonja-bongers-geht-fuer-den-landtagswahlkreis-alt-oberhausen-und-osterfeld-ins-rennen","status":"publish","type":"post","link":"https:\/\/meier-gerdingh.de\/wp-spd-ob\/2016\/06\/07\/sonja-bongers-geht-fuer-den-landtagswahlkreis-alt-oberhausen-und-osterfeld-ins-rennen\/","title":{"rendered":"Sonja Bongers geht f\u00fcr den Landtagswahlkreis Alt-Oberhausen und Osterfeld ins Rennen"},"content":{"rendered":"<p><a href=\"http:\/\/meier-gerdingh.de\/wp-spd-ob\/wp-content\/uploads\/krey_bongers_cordes.jpg\"><img decoding=\"async\" class=\"aligncenter size-full wp-image-3145\" src=\"http:\/\/meier-gerdingh.de\/wp-spd-ob\/wp-content\/uploads\/krey_bongers_cordes.jpg\" alt=\"krey_bongers_cordes\" width=\"600\" height=\"302\" srcset=\"https:\/\/meier-gerdingh.de\/wp-spd-ob\/wp-content\/uploads\/krey_bongers_cordes.jpg 600w, https:\/\/meier-gerdingh.de\/wp-spd-ob\/wp-content\/uploads\/krey_bongers_cordes-300x151.jpg 300w\" sizes=\"(max-width: 600px) 100vw, 600px\" \/><\/a><em>Mitgliederbefragung zur Kandidatenfindung f\u00fcr den Landtagswahlkreis 055: Sonja Bongers lag nach der 1. Runde mit \u00fcber 47% klar in F\u00fchrung \u2013 der Zweitplatzierte J\u00f6rg Bischoff verzichtet auf eine Teilnahme an der Stichwahl<\/em><\/p>\n<p>Am Freitagabend wurde die Mitgliederbefragung der Oberhausener SPD f\u00fcr die Kandidatenfindung im Landtagswahlkreis 055 | Alt-Oberhausen und Osterfeld ausgez\u00e4hlt. Von den 982 stimmberechtigten SPD-Mitgliedern aus den beiden Stadtbezirken haben 332 an der Mitgliederbefragung teilgenommen. Das entspricht einer Wahlbeteiligung von 33,81%.<!--more--><\/p>\n<p>Um die Kandidatur hatten sich beworben:<\/p>\n<ul>\n<li>J\u00f6rg Bischoff\u00a0\u00a0|\u00a0\u00a0OV Osterfeld<\/li>\n<li>Sonja Bongers\u00a0\u00a0|\u00a0\u00a0OV Oberhausen-West<\/li>\n<li>Frederick Cordes\u00a0\u00a0|\u00a0\u00a0OV Sterkrade-S\u00fcd<\/li>\n<li>Thomas Krey\u00a0\u00a0|\u00a0\u00a0OV Osterfeld<\/li>\n<\/ul>\n<p>Auf Platz eins landete Sonja Bongers mit 154 Stimmen (47,38%), gefolgt von J\u00f6rg Bischoff mit 82 Stimmen (25,23%). Damit w\u00e4re eine Stichwahl zwischen Bongers und Bischoff m\u00f6glich gewesen.<\/p>\n<p>Nach einem Wochenende Bedenkzeit hat J\u00f6rg Bischoff auf eine Teilnahme an der Stichwahl verzichtet. Bischoff gratulierte Bongers, w\u00fcnschte ihr f\u00fcr ihre Kandidatur viel Erfolg und sicherte ihr seine Unterst\u00fctzung zu.<\/p>\n<p>Damit ist die erste Etappe des Kandidatenfindungsprozesses zur Landtagswahl 2017 f\u00fcr den Landtagswahlkreis 055 | Alt-Oberhausen und Osterfeld abgeschlossen: Sonja Bongers wird sich bei der Wahlkreisdelegiertenkonferenz am 5. Juli f\u00fcr diesen Wahlkreis um das Vertrauen der Delegierten bewerben.<\/p>\n<p>Mit dem Ergebnis der Mitgliederbefragung zeigte sich der Vorsitzende der Oberhausener SPD, Dirk V\u00f6pel, sehr zufrieden:<\/p>\n<blockquote><p>&#8222;Die Mitgliederbefragung war f\u00fcr die Oberhausener SPD in mehrfacher Hinsicht ein Erfolg. Die gro\u00dfe Resonanz seitens der Mitgliedschaft hat uns gezeigt, dass es richtig war allen Mitgliedern die M\u00f6glichkeit zu geben, bei dieser wichtigen Personalfrage mitzusprechen.<\/p>\n<p>Wir hatten vier gute Kandidaten, die allesamt f\u00fcr eine Landtagskandidatur in Frage gekommen w\u00e4ren. Ich freue mich, dass wir bereits im 1. Wahlgang ein so eindeutiges Ergebnis gehabt haben. Sonja Bongers ist eine hervorragende Kandidatin, die mit sehr viel Einsatz in den kommenden Landtagswahlkampf gehen wird.<\/p>\n<p>Den Verzicht von J\u00f6rg Bischoff auf eine Teilnahme an der Stichwahl rechne ich ihm sehr hoch an, weil er der gesamten Oberhausener SPD erlaubt, nun die Weichen Richtung Landtagswahl zu stellen. Ich danke allen vier Bewerbern, dass sie sich diesem Verfahren gestellt und damit den Mitgliedern eine Auswahl geboten haben&#8220;,<\/p><\/blockquote>\n<p>so der Vorsitzende der Oberhausener SPD Dirk V\u00f6pel.<\/p>\n<p>Das <strong>Ergebnis<\/strong> im \u00dcberblick:<\/p>\n<table>\n<tbody>\n<tr>\n<td>Wahlberechtigte:<\/td>\n<td>982<\/td>\n<\/tr>\n<tr>\n<td>Abgegebene Stimmen:<\/td>\n<td>332<\/td>\n<\/tr>\n<tr>\n<td>Ung\u00fcltige Stimmen:<\/td>\n<td>7<\/td>\n<\/tr>\n<tr>\n<td>G\u00fcltige Stimmen:<\/td>\n<td>325<\/td>\n<\/tr>\n<tr>\n<td>Absolute Mehrheit:<\/td>\n<td>167<\/td>\n<\/tr>\n<\/tbody>\n<\/table>\n<p>&nbsp;<\/p>\n<p>Die <strong>Stimmenergebnisse<\/strong> im \u00dcberblick:<\/p>\n<table>\n<tbody>\n<tr>\n<td>Bischoff, J\u00f6rg:<\/td>\n<td>82 Stimmen<\/td>\n<td>25,23%<\/td>\n<\/tr>\n<tr>\n<td>Bongers, Sonja:<\/td>\n<td>154 Stimmen<\/td>\n<td>47,38%<\/td>\n<\/tr>\n<tr>\n<td>Cordes, Frederick:<\/td>\n<td>22 Stimmen<\/td>\n<td>6,77%<\/td>\n<\/tr>\n<tr>\n<td>Krey, Thomas:<\/td>\n<td>59 Stimmen<\/td>\n<td>18,15%<\/td>\n<\/tr>\n<tr>\n<td>Enthaltungen:<\/td>\n<td>8<\/td>\n<td>2,46%<\/td>\n<\/tr>\n<\/tbody>\n<\/table>\n<p>&nbsp;<\/p>\n<p><strong>Hintergrund<\/strong> zur Mitgliederbefragung:<\/p>\n<p>Der Unterbezirksvorstand der Oberhausener SPD hatte sich zur Durchf\u00fchrung einer Mitgliederbefragung entschlossen, nachdem der bisherige Wahlkreisabgeordnete Wolfgang Gro\u00dfe Br\u00f6mer auf eine erneute Kandidatur verzichtet hatte. Bis zum 04. April hatten Interessierte die M\u00f6glichkeit, ihre Bereitschaft f\u00fcr eine Kandidatur zu erkl\u00e4ren. Stimmberechtigt waren alle Mitglieder aus den SPD-Ortsvereinen in Alt-Oberhausen und Osterfeld.<br \/>\nDas <strong>weitere Verfahren<\/strong>:<\/p>\n<p>Am Dienstag, 05.07.2016 finden die Wahlkreisdelegiertenkonferenzen der Oberhausener SPD statt. An diesem Tag werden die Wahlkreiskandidaten f\u00fcr die beiden Oberhausener Landtagswahlkreise und f\u00fcr den heimischen Bundestagswahlkreis gew\u00e4hlt.<\/p>\n","protected":false},"excerpt":{"rendered":"<p>Mitgliederbefragung zur Kandidatenfindung f\u00fcr den Landtagswahlkreis 055: Sonja Bongers lag nach der 1. Runde mit \u00fcber 47% klar in F\u00fchrung \u2013 der Zweitplatzierte J\u00f6rg Bischoff verzichtet auf eine Teilnahme an&hellip; <\/p>\n","protected":false},"author":1,"featured_media":0,"comment_status":"closed","ping_status":"closed","sticky":false,"template":"","format":"standard","meta":{"footnotes":""},"categories":[173,178],"tags":[726,727,26,149],"quellen":[327],"class_list":["post-3144","post","type-post","status-publish","format-standard","hentry","category-parteileben","category-wahlen","tag-landtagswahl-2017","tag-mitgliederbefragung","tag-mitgliederentscheid","tag-wahlkreisdelegiertenkonferenz","quellen-spd-unterbezirk-oberhausen"],"_links":{"self":[{"href":"https:\/\/meier-gerdingh.de\/wp-spd-ob\/wp-json\/wp\/v2\/posts\/3144","targetHints":{"allow":["GET"]}}],"collection":[{"href":"https:\/\/meier-gerdingh.de\/wp-spd-ob\/wp-json\/wp\/v2\/posts"}],"about":[{"href":"https:\/\/meier-gerdingh.de\/wp-spd-ob\/wp-json\/wp\/v2\/types\/post"}],"author":[{"embeddable":true,"href":"https:\/\/meier-gerdingh.de\/wp-spd-ob\/wp-json\/wp\/v2\/users\/1"}],"replies":[{"embeddable":true,"href":"https:\/\/meier-gerdingh.de\/wp-spd-ob\/wp-json\/wp\/v2\/comments?post=3144"}],"version-history":[{"count":0,"href":"https:\/\/meier-gerdingh.de\/wp-spd-ob\/wp-json\/wp\/v2\/posts\/3144\/revisions"}],"wp:attachment":[{"href":"https:\/\/meier-gerdingh.de\/wp-spd-ob\/wp-json\/wp\/v2\/media?parent=3144"}],"wp:term":[{"taxonomy":"category","embeddable":true,"href":"https:\/\/meier-gerdingh.de\/wp-spd-ob\/wp-json\/wp\/v2\/categories?post=3144"},{"taxonomy":"post_tag","embeddable":true,"href":"https:\/\/meier-gerdingh.de\/wp-spd-ob\/wp-json\/wp\/v2\/tags?post=3144"},{"taxonomy":"quellen","embeddable":true,"href":"https:\/\/meier-gerdingh.de\/wp-spd-ob\/wp-json\/wp\/v2\/quellen?post=3144"}],"curies":[{"name":"wp","href":"https:\/\/api.w.org\/{rel}","templated":true}]}}