{"id":3153,"date":"2016-06-24T19:25:07","date_gmt":"2016-06-24T17:25:07","guid":{"rendered":"http:\/\/www.meier-gerdingh.de\/spd-oberhausen\/wp\/?p=3153"},"modified":"2016-12-04T11:24:57","modified_gmt":"2016-12-04T10:24:57","slug":"oberhausener-spd-laedt-zum-37-mal-zum-familienfest-in-den-kaisergarten-ein","status":"publish","type":"post","link":"https:\/\/meier-gerdingh.de\/wp-spd-ob\/2016\/06\/24\/oberhausener-spd-laedt-zum-37-mal-zum-familienfest-in-den-kaisergarten-ein\/","title":{"rendered":"Oberhausener SPD l\u00e4dt zum 37. Mal zum Familienfest in den Kaisergarten ein"},"content":{"rendered":"<p><a href=\"http:\/\/meier-gerdingh.de\/wp-spd-ob\/wp-content\/uploads\/anzeige_16_07_02_wa_spd_sommerfest_rahmen.png\"><img decoding=\"async\" class=\"aligncenter size-full wp-image-3152\" src=\"http:\/\/meier-gerdingh.de\/wp-spd-ob\/wp-content\/uploads\/anzeige_16_07_02_wa_spd_sommerfest_rahmen.png\" alt=\"anzeige_16_07_02_wa_spd_sommerfest_rahmen\" width=\"600\" height=\"679\" srcset=\"https:\/\/meier-gerdingh.de\/wp-spd-ob\/wp-content\/uploads\/anzeige_16_07_02_wa_spd_sommerfest_rahmen.png 600w, https:\/\/meier-gerdingh.de\/wp-spd-ob\/wp-content\/uploads\/anzeige_16_07_02_wa_spd_sommerfest_rahmen-265x300.png 265w\" sizes=\"(max-width: 600px) 100vw, 600px\" \/><\/a>Das Familienfest im Kaisergarten geh\u00f6rt zu den gro\u00dfen Veranstaltungen in Oberhausen. Bereits zum 37. Mal l\u00e4dt die SPD in den Kaisergarten ein und freut sich, wieder ein attraktives Programm f\u00fcr Gro\u00df und Klein anbieten zu k\u00f6nnen. In diesem Jahr findet das Fest am Sonntag, 03.07.2016 von 11.00 bis 18.00 Uhr auf dem Areal des Kaisergartens zwischen Konrad-Adenauer-Allee und Rhein-Herne-Kanal statt.<!--more--><\/p>\n<p>Die gro\u00dfe Wiese im Kaisergarten wird sich am ersten Sonntag im Juli in eine bunte St\u00e4ndelandschaft verwandeln. Geboten wird einiges. Viele Oberhausener Einrichtungen nutzen die Gelegenheit, ihre Arbeit an eigenen St\u00e4nden vorzustellen. Es wird zahlreiche Attraktionen f\u00fcr Kinder geben wie eine H\u00fcpfburg, eine Kletterwand sowie das B\u00f6tchenfahren der Feuerwehr auf dem Teich im Kaisergarten. Rund um den gro\u00dfen See wird wieder ein Kunst- und Antikmarkt stattfinden. Auch f\u00fcr das leibliche Wohl wird gesorgt sein \u2013 von internationalen Spezialit\u00e4ten \u00fcber Leckereien vom Grill bis hin zu Kuchen &amp; Eis wird f\u00fcr jeden Geschmack etwas dabei sein.<\/p>\n<p>Das B\u00fchnenprogramm beginnt um 11.00 Uhr und hat allerhand zu bieten: von Tanzeinlagen \u00fcber musikalische Darbietungen bis hin zu Diskussionsrunden mit Mandatstr\u00e4gern der Oberhausener SPD.<\/p>\n<p>&#8222;Wir freuen uns, dass wir den Oberhausener B\u00fcrgerinnen und B\u00fcrger mit unserem Familienfest jedes Jahr aufs Neue eine so attraktive Veranstaltung anbieten k\u00f6nnen&#8220;, so der Vorsitzende der Oberhauser SPD Dirk V\u00f6pel. Man freue sich \u00fcber zahlreiche Besucherinnen und Besucher und werde aktiv das Gespr\u00e4ch suchen. &#8222;Wir wollen wissen, welche Themen den Einzelnen bewegen&#8220;, so V\u00f6pel.<\/p>\n<h3 class=\"spd-ob-crossheading\">Das B\u00fchnenprogramm<\/h3>\n<p>Zum musikalischen Auftakt spielt das <strong>Tambourcorps &#8222;Rheinkl\u00e4nge 1922 e.V.<\/strong>&#8222;. Es folgt ein abwechslungsreiches Programm mit sportlichen, akrobatischen und t\u00e4nzerischen Einlagen. F\u00fcr das sportliche Element sorgt die <strong>Hip Hop Streetdance<\/strong> und <strong>Zumba Gruppe &#8222;X-Minds&#8220;<\/strong>, die Kunstradfahrer des Rad- und Sportvereins <strong>Adler 1914<\/strong> sowie die Karatevorf\u00fchrung des <strong>Budo-Sport-Centers<\/strong>. Ebenso freuen wir uns auf die Vorf\u00fchrung der <strong>Zirkusschule TC 69 Oberhausen<\/strong>. Augen- und Ohrenschmaus bieten auch die vielf\u00e4ltigen Tanzdarbietungen z.B. der Showtanz der <strong>KG &#8222;Blaue Funken&#8220;<\/strong>, der <strong>Gro\u00df Oberhausener Karnevalsgesellschaft<\/strong>, der Auftritt von Tanzmariechen &#8222;Emma&#8220; der <strong>KG Eisenheim &#8222;ZickZack&#8220;<\/strong>, die Tanzvorf\u00fchrung des <strong>TSK Schwarz-Gold Oberhausen<\/strong>, der <strong>KG &#8222;Die M\u00fcllschlucker&#8220;<\/strong>, der <strong>&#8222;KG Dampf Drauf&#8220;<\/strong>, die inklusive Tanzgarde der <strong>Alstadener B\u00e4ren<\/strong> sowie der Auftritt der <strong>1. Oberhausener Cheer- und Dance e.V.<\/strong> Ebenso wird das <strong>Prinzenteam Mario I.<\/strong> vorgestellt. F\u00fcr die Musik sorgt in diesem Jahr die Newcomer-Band <strong>&#8222;MoMo&#8220;<\/strong> (Klavier, Cello, deutscher Gesang). Auch die Basketballer von <strong>New Basket Oberhausen<\/strong> werden auf der B\u00fchne erwartet.<\/p>\n<h3 class=\"spd-ob-crossheading\">Die bunte Welt der St\u00e4nde<\/h3>\n<p>Das Familienfest im Kaisergarten ist stets auch ein Ort der Begegnung und des Austausches. Deshalb freuen wir uns, dass wir auch in diesem Jahr wieder viele Vereine, Verb\u00e4nde und gesellschaftliche Gruppen gewinnen konnten, mit eigenen Informations- und Aktionsst\u00e4nden teilzunehmen. Die <strong>Feuerwehr<\/strong>, die <strong>Abfallberatung<\/strong>, das <strong>Ambulante Hospiz<\/strong>, die <strong>Arbeiterwohlfahrt<\/strong>, der <strong>Arbeiter-Samariter-Bund<\/strong>, die <strong>Alevitische Gemeinde<\/strong>, das <strong>Deutsche Rote Kreuz<\/strong>, der <strong>Kreisverband der Kleing\u00e4rtner<\/strong>, die <strong>Caritas<\/strong>, die <strong>Johanniter Unfallhilfe<\/strong>, die <strong>Ludwig Galerie Oberhausen<\/strong>, das <strong>Netzwerk Demenz<\/strong>, <strong>Pro Familia<\/strong>, die <strong>Lebenshilfe<\/strong>, die <strong>Freiwillige Feuerwehr<\/strong> oder das Zentrum f\u00fcr Ausbildung und Qualifikation <strong>ZAQ<\/strong>, der <strong>CVJM<\/strong>, der <strong>Tierschutzverein<\/strong>, die <strong>STOAG<\/strong> Oberhausen, das <strong>Theater Oberhausen<\/strong>, die <strong>Oberhausener Tafel<\/strong>, die <strong>1. KG-Narrenzunft<\/strong>, die <strong>1. Oberhausener Cheer- und Dance<\/strong> sowie der Stand des <strong>TSK Schwarz Gold Oberhausen<\/strong> pr\u00e4sentieren sich und ihre Programme und geben interessante Einblicke in ihre Arbeit. Auch der Showbus des <strong>Niebhuhrg Musical Theaters<\/strong> und das <strong>&#8222;Life-Line-Mobil&#8220;<\/strong> sind wieder mit dabei.<\/p>\n<h3 class=\"spd-ob-crossheading\">Die Angebote f\u00fcr die Kleinsten<\/h3>\n<p>Auch in diesem Jahr ist die Oberhausener SPD stolz darauf, dass der Name &#8222;Familienfest im Kaisergarten&#8220; h\u00e4lt, was er verspricht. Die kleinen G\u00e4ste kommen auf der gro\u00dfen Wiese vor dem Kaisergartensee wieder voll auf ihre Kosten. Kraxeln an der <strong>Kletterwand<\/strong> des &#8222;Life-Line-Mobil&#8220;, <strong>Kinderkarussell<\/strong>, <strong>Kinderspiele<\/strong> der Falken und der Kurt-L\u00f6wenstein-Vereinigung &#8211; \u00fcberall ist auch f\u00fcr die J\u00fcngsten was los. <strong>H\u00fcpfburg<\/strong>, Luftballons und Seifenblasen sowie das beliebte Gl\u00fccksrad mit zahlreichen Gewinnm\u00f6glichkeiten warten.<\/p>\n<h3 class=\"spd-ob-crossheading\">Bereit zum Gespr\u00e4ch<\/h3>\n<p>F\u00fcr die Oberhausener SPD ist das Fest im Kaisergarten stets auch eine gute Gelegenheit, mit den B\u00fcrgerinnen und B\u00fcrgern ins Gespr\u00e4ch zu kommen. Um 13.00 Uhr werden der Oberhausener Bundestagsabgeordnete <strong>Dirk V\u00f6pel<\/strong>, die Stv. Vorsitzende der Oberhausener SPD, <strong>Sonja Bongers<\/strong>, der Landtagsabgeordnete <strong>Stefan Zimkeit<\/strong>, NRW-Bau- und Verkehrsminister <strong>Michael Groschek<\/strong> und der Europaabgeordnete aus Essen, <strong>Jens Geier<\/strong>, in einer Talkrunde auf der B\u00fchne stehen. Dar\u00fcber hinaus werden die Oberhausener Stadtverordneten, Bezirksvertretungsmitglieder sowie zahlreiche Mitglieder der SPD an den St\u00e4nden zum Gespr\u00e4ch bereit stehen. Ohne diese k\u00f6nnte das gro\u00dfe Sommerfest gar nicht stattfinden. Sie sorgen an vielen St\u00e4nden f\u00fcr das leibliche Wohl der G\u00e4ste.<\/p>\n<h3 class=\"spd-ob-crossheading\">Gut ankommen!<\/h3>\n<p>Bei gutem Wetter empfiehlt es sich, das Auto daheim zu lassen und eine Radtour in den Kaisergarten (entlang des Gr\u00fcnen Pfads vorbei am Gasometer) zu unternehmen. Am Eingang zum Fest steht eine <strong>Fahrradwache<\/strong> zur Verf\u00fcgung!<\/p>\n<p>Mit dem <strong>\u00d6PNV<\/strong>: Vom Oberhausener Hauptbahnhof fahren die Linien 956 und 966 bis zum Schloss Oberhausen.<\/p>\n<p>Wer mit dem <strong>PKW<\/strong> anreist, sollte die Parkm\u00f6glichkeiten im Gewerbegebiet am Kaisergarten &#8222;Max-Planck-Ring&#8220; und &#8222;Im Lipperfeld&#8220; nutzen. Im &#8222;Parkhaus 8&#8220; am CentrO kann ebenfalls geparkt werden.<\/p>\n<p>Wir bitten die Besucherinnen und Besucher darauf zu achten, dass die ausgeschilderten Parkpl\u00e4tze rund um den Kaisergarten geb\u00fchrenpflichtig sind.<\/p>\n<p>Alle Oberhausenerinnen und Oberhausener sind herzlich eingeladen, im Kaisergarten mit dabei zu sein.<\/p>\n","protected":false},"excerpt":{"rendered":"<p>Das Familienfest im Kaisergarten geh\u00f6rt zu den gro\u00dfen Veranstaltungen in Oberhausen. Bereits zum 37. Mal l\u00e4dt die SPD in den Kaisergarten ein und freut sich, wieder ein attraktives Programm f\u00fcr&hellip; <\/p>\n","protected":false},"author":1,"featured_media":0,"comment_status":"closed","ping_status":"closed","sticky":false,"template":"","format":"standard","meta":{"footnotes":""},"categories":[173,171],"tags":[22,86,818],"quellen":[327],"class_list":["post-3153","post","type-post","status-publish","format-standard","hentry","category-parteileben","category-veranstaltungen","tag-kaisergarten","tag-spd-familienfest","tag-spd-sommerfest","quellen-spd-unterbezirk-oberhausen"],"_links":{"self":[{"href":"https:\/\/meier-gerdingh.de\/wp-spd-ob\/wp-json\/wp\/v2\/posts\/3153","targetHints":{"allow":["GET"]}}],"collection":[{"href":"https:\/\/meier-gerdingh.de\/wp-spd-ob\/wp-json\/wp\/v2\/posts"}],"about":[{"href":"https:\/\/meier-gerdingh.de\/wp-spd-ob\/wp-json\/wp\/v2\/types\/post"}],"author":[{"embeddable":true,"href":"https:\/\/meier-gerdingh.de\/wp-spd-ob\/wp-json\/wp\/v2\/users\/1"}],"replies":[{"embeddable":true,"href":"https:\/\/meier-gerdingh.de\/wp-spd-ob\/wp-json\/wp\/v2\/comments?post=3153"}],"version-history":[{"count":0,"href":"https:\/\/meier-gerdingh.de\/wp-spd-ob\/wp-json\/wp\/v2\/posts\/3153\/revisions"}],"wp:attachment":[{"href":"https:\/\/meier-gerdingh.de\/wp-spd-ob\/wp-json\/wp\/v2\/media?parent=3153"}],"wp:term":[{"taxonomy":"category","embeddable":true,"href":"https:\/\/meier-gerdingh.de\/wp-spd-ob\/wp-json\/wp\/v2\/categories?post=3153"},{"taxonomy":"post_tag","embeddable":true,"href":"https:\/\/meier-gerdingh.de\/wp-spd-ob\/wp-json\/wp\/v2\/tags?post=3153"},{"taxonomy":"quellen","embeddable":true,"href":"https:\/\/meier-gerdingh.de\/wp-spd-ob\/wp-json\/wp\/v2\/quellen?post=3153"}],"curies":[{"name":"wp","href":"https:\/\/api.w.org\/{rel}","templated":true}]}}