{"id":3157,"date":"2016-06-28T20:40:20","date_gmt":"2016-06-28T18:40:20","guid":{"rendered":"http:\/\/www.meier-gerdingh.de\/spd-oberhausen\/wp\/?p=3157"},"modified":"2016-12-04T11:22:59","modified_gmt":"2016-12-04T10:22:59","slug":"teilhabegesetz-mit-deutlichen-verbesserungen-im-kabinett","status":"publish","type":"post","link":"https:\/\/meier-gerdingh.de\/wp-spd-ob\/2016\/06\/28\/teilhabegesetz-mit-deutlichen-verbesserungen-im-kabinett\/","title":{"rendered":"Teilhabegesetz mit deutlichen Verbesserungen im Kabinett"},"content":{"rendered":"<div id=\"attachment_1681\" style=\"width: 150px\" class=\"wp-caption alignleft\"><a href=\"http:\/\/meier-gerdingh.de\/wp-spd-ob\/wp-content\/uploads\/voepel_dirk_mdb.jpg\"><img aria-describedby=\"caption-attachment-1681\" decoding=\"async\" class=\"size-full wp-image-1681\" src=\"http:\/\/meier-gerdingh.de\/wp-spd-ob\/wp-content\/uploads\/voepel_dirk_mdb.jpg\" alt=\"Dirk V\u00f6pel ist der direkt gew\u00e4hlte Bundestagsabgeordnete f\u00fcr Oberhausen und Dinslaken\" width=\"140\" height=\"180\" \/><\/a><p id=\"caption-attachment-1681\" class=\"wp-caption-text\">Dirk V\u00f6pel ist der direkt gew\u00e4hlte Bundestagsabgeordnete f\u00fcr Oberhausen und Dinslaken<\/p><\/div>\n<p><em>Das Bundeskabinett hat am heutigen Dienstag den Entwurf des Bundesteilhabegesetzes (BTHG) verabschiedet. Das Gesetz soll Menschen mit Behinderungen mehr Gleichberechtigung und Teilhabe erm\u00f6glichen. Im Vergleich zum Referentenentwurf enth\u00e4lt die heute verabschiedete Fassung weitere Verbesserungen f\u00fcr Menschen mit Behinderungen. Dazu erkl\u00e4rt Dirk V\u00f6pel, Bundestagsabgeordneter f\u00fcr Oberhausen und Dinslaken:<\/em><\/p>\n<p>Das Bundesteilhabegesetz ist eine der gro\u00dfen sozialpolitischen Reformen in dieser Legislaturperiode. Unser Ziel ist es, mehr Teilhabe und mehr Selbstbestimmung f\u00fcr Menschen mit Behinderungen zu schaffen. Erfreulich ist, dass der Kabinettsentwurf von heute gegen\u00fcber dem Referentenentwurf aus dem April noch einmal zahlreiche Verbesserungen enth\u00e4lt. Diese betreffen vor allem die Regelungen zum Eigenbeitrag, der bei Leistungen der Eingliederungshilfe gezahlt werden muss. Ab dem Jahr 2020 sind nun sowohl das Einkommen als auch das Verm\u00f6gen eines Partners oder einer Partnerin vollst\u00e4ndig von der Anrechnung befreit. Das ist ein wirklich wichtiger Schritt, damit Menschen mit Behinderungen endlich mit anderen Ehen und Lebenspartnerschaften eingehen k\u00f6nnen, ohne dass dies zu erheblichen finanziellen Einschnitten f\u00fchrt.<!--more--><\/p>\n<p>F\u00fcr erwerbst\u00e4tige Personen, die gleichzeitig Leistungen der Eingliederungshilfe und der Hilfe zur Pflege beziehen, werden k\u00fcnftig au\u00dferdem grunds\u00e4tzlich nur die neuen Anrechnungsregelungen der Eingliederungshilfe gelten. Damit k\u00f6nnen sie ab dem Jahr 2017 bis zu 27.600 Euro und ab 2020 etwa 50.000 Euro anrechnungsfrei ansparen, w\u00e4hrend es heute nur 2.600 Euro sind.<\/p>\n<p>Das Bundesteilhabegesetz ist damit ein gro\u00dfer Schritt mit deutlichen Verbesserungen und der Einstieg, um Menschen mit Assistenzbedarf aus der Sozialhilfe zu holen Nichtsdestotrotz sehen wir aber auch noch weiteren Erg\u00e4nzungsbedarf. Im parlamentarischen Verfahren wird sich die SPD-Bundestagsfraktion f\u00fcr weitere Verbesserungen im Sinne der Betroffenen einsetzen.<\/p>\n","protected":false},"excerpt":{"rendered":"<p>Das Bundeskabinett hat am heutigen Dienstag den Entwurf des Bundesteilhabegesetzes (BTHG) verabschiedet. Das Gesetz soll Menschen mit Behinderungen mehr Gleichberechtigung und Teilhabe erm\u00f6glichen. Im Vergleich zum Referentenentwurf enth\u00e4lt die heute&hellip; <\/p>\n","protected":false},"author":1,"featured_media":0,"comment_status":"closed","ping_status":"closed","sticky":false,"template":"","format":"standard","meta":{"footnotes":""},"categories":[589],"tags":[785,400,595,786,787,3,361,360],"quellen":[330],"class_list":["post-3157","post","type-post","status-publish","format-standard","hentry","category-inklusion","tag-bthg","tag-bundesteilhabegesetz","tag-eingliederungshilfe","tag-gleichberechtigung","tag-hilfe-zur-pflege","tag-inklusion","tag-menschen-mit-behinderungen","tag-sozialhilfe","quellen-mdb-dirk-voepel"],"_links":{"self":[{"href":"https:\/\/meier-gerdingh.de\/wp-spd-ob\/wp-json\/wp\/v2\/posts\/3157","targetHints":{"allow":["GET"]}}],"collection":[{"href":"https:\/\/meier-gerdingh.de\/wp-spd-ob\/wp-json\/wp\/v2\/posts"}],"about":[{"href":"https:\/\/meier-gerdingh.de\/wp-spd-ob\/wp-json\/wp\/v2\/types\/post"}],"author":[{"embeddable":true,"href":"https:\/\/meier-gerdingh.de\/wp-spd-ob\/wp-json\/wp\/v2\/users\/1"}],"replies":[{"embeddable":true,"href":"https:\/\/meier-gerdingh.de\/wp-spd-ob\/wp-json\/wp\/v2\/comments?post=3157"}],"version-history":[{"count":0,"href":"https:\/\/meier-gerdingh.de\/wp-spd-ob\/wp-json\/wp\/v2\/posts\/3157\/revisions"}],"wp:attachment":[{"href":"https:\/\/meier-gerdingh.de\/wp-spd-ob\/wp-json\/wp\/v2\/media?parent=3157"}],"wp:term":[{"taxonomy":"category","embeddable":true,"href":"https:\/\/meier-gerdingh.de\/wp-spd-ob\/wp-json\/wp\/v2\/categories?post=3157"},{"taxonomy":"post_tag","embeddable":true,"href":"https:\/\/meier-gerdingh.de\/wp-spd-ob\/wp-json\/wp\/v2\/tags?post=3157"},{"taxonomy":"quellen","embeddable":true,"href":"https:\/\/meier-gerdingh.de\/wp-spd-ob\/wp-json\/wp\/v2\/quellen?post=3157"}],"curies":[{"name":"wp","href":"https:\/\/api.w.org\/{rel}","templated":true}]}}