{"id":3165,"date":"2016-07-06T17:59:26","date_gmt":"2016-07-06T15:59:26","guid":{"rendered":"http:\/\/www.meier-gerdingh.de\/spd-oberhausen\/wp\/?p=3165"},"modified":"2016-07-19T11:02:24","modified_gmt":"2016-07-19T09:02:24","slug":"bildungsplan-traegt-klare-spd-handschrift","status":"publish","type":"post","link":"https:\/\/meier-gerdingh.de\/wp-spd-ob\/2016\/07\/06\/bildungsplan-traegt-klare-spd-handschrift\/","title":{"rendered":"Bildungsplan tr\u00e4gt klare SPD-Handschrift"},"content":{"rendered":"<p><a href=\"http:\/\/meier-gerdingh.de\/wp-spd-ob\/wp-content\/uploads\/banner_spd_fraktion_oberhausen.png\"><img decoding=\"async\" src=\"http:\/\/meier-gerdingh.de\/wp-spd-ob\/wp-content\/uploads\/banner_spd_fraktion_oberhausen.png\" alt=\"banner_spd_fraktion_oberhausen\" width=\"600\" height=\"189\" class=\"aligncenter size-full wp-image-3178\" srcset=\"https:\/\/meier-gerdingh.de\/wp-spd-ob\/wp-content\/uploads\/banner_spd_fraktion_oberhausen.png 600w, https:\/\/meier-gerdingh.de\/wp-spd-ob\/wp-content\/uploads\/banner_spd_fraktion_oberhausen-300x95.png 300w\" sizes=\"(max-width: 600px) 100vw, 600px\" \/><\/a>Was lange w\u00e4hrt, wird endlich gut: \u00c4hnliches k\u00f6nnte man auch \u00fcber die Beratung und Beschlussfassung des neuen Oberhausener Bildungsplanes sagen. In der letzten Ratssitzung vor der Sommerpause ist der Plan endlich verabschiedet worden, seine Vorgeschichte war lang.<\/p>\n<p>Vom Zeitpunkt seiner Vorlage an wurde der Bildungsplan heftig kritisiert \u2013 v\u00f6llig zu Unrecht. Der Gutachter Dr. Ernst R\u00f6sner hatte in seinem Gutachten mutige Vorschl\u00e4ge f\u00fcr eine zuk\u00fcnftige moderne Bildungslandschaft in Oberhausen erarbeitet. Eine breite, zukunftsorientierte Diskussion w\u00e4re n\u00f6tig und m\u00f6glich gewesen. Diese w\u00fcnschenswerte Auseinandersetzung \u00fcber die R\u00f6sner-Vorschl\u00e4ge wurde jedoch leider sofort \u00fcberlagert von der Diskussion \u00fcber die vorgeschlagene m\u00f6gliche Schlie\u00dfung von Grundschulen. In der Folge musste Kirsten Oberste-Kleinbeck, die schulpolitische Sprecherin der SPD-Fraktion, an zahlreichen, emotional aufgeladenen Schulversammlungen teilnehmen und die Gem\u00fcter beruhigen.<!--more--><\/p>\n<p>Schon fr\u00fchzeitig hatte sich der SPD-Arbeitskreis Schule entschieden, den vorgelegten Schulschlie\u00dfungspl\u00e4nen nicht zuzustimmen, sondern f\u00fcr jeden Grundschulstandort Perspektivvorschl\u00e4ge zu entwickeln. Au\u00dferdem erarbeitete der Arbeitskreis gemeinsam mit den Koalitionspartnern 16 \u00c4nderungsantr\u00e4ge mit wichtigen, bildungspolitischen Akzenten f\u00fcr die zuk\u00fcnftige Oberhausener Bildungslandschaft. Der zentrale Antrag mit grunds\u00e4tzlichen Aussagen zur zuk\u00fcnftigen Bildung in Oberhausen wurde schlie\u00dflich von allen Fraktionen und Gruppen mitgetragen \u2013 au\u00dfer von den Linken.<\/p>\n<p>Kirsten Oberste-Kleinbeck: &#8222;Damit ist es uns zum ersten Mal gelungen, dass selbst die CDU der ur-sozialdemokratischen Forderung nach Chancengleichheit im Bildungswesen als Leitziel f\u00fcr Oberhausen zugestimmt hat!&#8220;<\/p>\n<p>Die CDU &#8222;gl\u00e4nzte&#8220; \u00fcbrigens mit dem Vorschlag, in Osterfeld ein zus\u00e4tzliches Gymnasium zu gr\u00fcnden. Dieser unsinnige Antrag erfuhr in der Ratssitzung verdienterma\u00dfen eine Beerdigung erster Klasse. Zur weiteren Umsetzung des Bildungsplans soll eine Arbeitsgruppe aus Akteuren des Bildungsbereichs gegr\u00fcndet werden. Die SPD-Fraktion wird die Arbeit dieser Expertengruppe unterst\u00fctzen, aber auch kritisch begleiten.<\/p>\n","protected":false},"excerpt":{"rendered":"<p>Was lange w\u00e4hrt, wird endlich gut: \u00c4hnliches k\u00f6nnte man auch \u00fcber die Beratung und Beschlussfassung des neuen Oberhausener Bildungsplanes sagen. In der letzten Ratssitzung vor der Sommerpause ist der Plan&hellip; <\/p>\n","protected":false},"author":1,"featured_media":0,"comment_status":"closed","ping_status":"closed","sticky":false,"template":"","format":"standard","meta":{"footnotes":""},"categories":[2],"tags":[516,799,798,518,690],"quellen":[326],"class_list":["post-3165","post","type-post","status-publish","format-standard","hentry","category-schule","tag-bildungsplan","tag-grundschulen","tag-grundschulstandorte","tag-roesner-gutachten","tag-schulentwicklungsplanung","quellen-spd-fraktion-oberhausen"],"_links":{"self":[{"href":"https:\/\/meier-gerdingh.de\/wp-spd-ob\/wp-json\/wp\/v2\/posts\/3165","targetHints":{"allow":["GET"]}}],"collection":[{"href":"https:\/\/meier-gerdingh.de\/wp-spd-ob\/wp-json\/wp\/v2\/posts"}],"about":[{"href":"https:\/\/meier-gerdingh.de\/wp-spd-ob\/wp-json\/wp\/v2\/types\/post"}],"author":[{"embeddable":true,"href":"https:\/\/meier-gerdingh.de\/wp-spd-ob\/wp-json\/wp\/v2\/users\/1"}],"replies":[{"embeddable":true,"href":"https:\/\/meier-gerdingh.de\/wp-spd-ob\/wp-json\/wp\/v2\/comments?post=3165"}],"version-history":[{"count":0,"href":"https:\/\/meier-gerdingh.de\/wp-spd-ob\/wp-json\/wp\/v2\/posts\/3165\/revisions"}],"wp:attachment":[{"href":"https:\/\/meier-gerdingh.de\/wp-spd-ob\/wp-json\/wp\/v2\/media?parent=3165"}],"wp:term":[{"taxonomy":"category","embeddable":true,"href":"https:\/\/meier-gerdingh.de\/wp-spd-ob\/wp-json\/wp\/v2\/categories?post=3165"},{"taxonomy":"post_tag","embeddable":true,"href":"https:\/\/meier-gerdingh.de\/wp-spd-ob\/wp-json\/wp\/v2\/tags?post=3165"},{"taxonomy":"quellen","embeddable":true,"href":"https:\/\/meier-gerdingh.de\/wp-spd-ob\/wp-json\/wp\/v2\/quellen?post=3165"}],"curies":[{"name":"wp","href":"https:\/\/api.w.org\/{rel}","templated":true}]}}