{"id":3166,"date":"2016-07-06T18:02:17","date_gmt":"2016-07-06T16:02:17","guid":{"rendered":"http:\/\/www.meier-gerdingh.de\/spd-oberhausen\/wp\/?p=3166"},"modified":"2016-12-04T11:19:22","modified_gmt":"2016-12-04T10:19:22","slug":"medienentwicklungsplan-muss-nachgebessert-werden","status":"publish","type":"post","link":"https:\/\/meier-gerdingh.de\/wp-spd-ob\/2016\/07\/06\/medienentwicklungsplan-muss-nachgebessert-werden\/","title":{"rendered":"Medienentwicklungsplan muss nachgebessert werden"},"content":{"rendered":"<p><a href=\"http:\/\/meier-gerdingh.de\/wp-spd-ob\/wp-content\/uploads\/banner_spd_fraktion_oberhausen.png\"><img decoding=\"async\" class=\"aligncenter size-full wp-image-3178\" src=\"http:\/\/meier-gerdingh.de\/wp-spd-ob\/wp-content\/uploads\/banner_spd_fraktion_oberhausen.png\" alt=\"banner_spd_fraktion_oberhausen\" width=\"600\" height=\"189\" srcset=\"https:\/\/meier-gerdingh.de\/wp-spd-ob\/wp-content\/uploads\/banner_spd_fraktion_oberhausen.png 600w, https:\/\/meier-gerdingh.de\/wp-spd-ob\/wp-content\/uploads\/banner_spd_fraktion_oberhausen-300x95.png 300w\" sizes=\"(max-width: 600px) 100vw, 600px\" \/><\/a>Bereits vor zwei Jahren hat die Gemeindepr\u00fcfungsanstalt (GPA) im Rahmen einer Inventur an allen Oberhausener Schulen festgestellt, dass die Computerausstattung im Bildungsbereich stark veraltet ist und modernen Anspr\u00fcchen von Digitaler Bildung nicht gen\u00fcgt. In der letzten Ratssitzung hat die Verwaltung nun einen Medienentwicklungsplan vorgelegt, der die Basis f\u00fcr die zuk\u00fcnftige Schulausstattung legen soll.<\/p>\n<p>Aus Sicht der SPD-Fraktion ist der vorgelegte Plan allerdings nicht aussagekr\u00e4ftig genug. &#8222;Es werden zwar gute Vorschl\u00e4ge zum schnellen Internet-Anschluss der Schulen gemacht, aber das kann nur der Anfang sein&#8220;, meint Fraktionschef Wolfgang Gro\u00dfe Br\u00f6mer. &#8222;Es fehlen aber konkrete Vorschl\u00e4ge f\u00fcr eine moderne digitale Ausstattung. Die Zeiten der alten PC-Fachr\u00e4ume sind l\u00e4ngst vorbei!&#8220;<!--more--><\/p>\n<p>Deshalb hat die Ratsfraktion einen \u00c4nderungsantrag zum Medienentwicklungsplan eingebracht, der auch schlie\u00dflich mit einer deutlichen Mehrheit im Rat verabschiedet wurde.<\/p>\n<p>Kernforderung des Antrags ist die Entwicklung eines p\u00e4dagogischen IT-Grundkonzeptes, das gemeinsam mit den Schulen erarbeitet werden soll. Wesentlicher Teil des Konzeptes soll die Abkehr von der veralteten PC-Ausrichtung hin zu einer modernen Ausstattung mit mobil einsetzbaren Ger\u00e4ten \u2013 vor allem mit Tablets \u2013 sein.<\/p>\n<p>Wolfgang Gro\u00dfe Br\u00f6mer: &#8222;Im Bildungsbereich erleben wir zurzeit eine rasante Umw\u00e4lzung im Einsatz von Medien. Gerade im Bereich der individuellen F\u00f6rderung bieten sich hier Bildungschancen, die wir den Oberhausener Sch\u00fclerinnen und Sch\u00fclern nicht vorenthalten d\u00fcrfen.&#8220;<\/p>\n","protected":false},"excerpt":{"rendered":"<p>Bereits vor zwei Jahren hat die Gemeindepr\u00fcfungsanstalt (GPA) im Rahmen einer Inventur an allen Oberhausener Schulen festgestellt, dass die Computerausstattung im Bildungsbereich stark veraltet ist und modernen Anspr\u00fcchen von Digitaler&hellip; <\/p>\n","protected":false},"author":1,"featured_media":0,"comment_status":"closed","ping_status":"closed","sticky":false,"template":"","format":"standard","meta":{"footnotes":""},"categories":[2],"tags":[802,804,801,803,800],"quellen":[326],"class_list":["post-3166","post","type-post","status-publish","format-standard","hentry","category-schule","tag-computerausstattung-schulen","tag-digitale-bildung","tag-gpa","tag-it-konzept-schulen","tag-medienentwicklungsplan","quellen-spd-fraktion-oberhausen"],"_links":{"self":[{"href":"https:\/\/meier-gerdingh.de\/wp-spd-ob\/wp-json\/wp\/v2\/posts\/3166","targetHints":{"allow":["GET"]}}],"collection":[{"href":"https:\/\/meier-gerdingh.de\/wp-spd-ob\/wp-json\/wp\/v2\/posts"}],"about":[{"href":"https:\/\/meier-gerdingh.de\/wp-spd-ob\/wp-json\/wp\/v2\/types\/post"}],"author":[{"embeddable":true,"href":"https:\/\/meier-gerdingh.de\/wp-spd-ob\/wp-json\/wp\/v2\/users\/1"}],"replies":[{"embeddable":true,"href":"https:\/\/meier-gerdingh.de\/wp-spd-ob\/wp-json\/wp\/v2\/comments?post=3166"}],"version-history":[{"count":0,"href":"https:\/\/meier-gerdingh.de\/wp-spd-ob\/wp-json\/wp\/v2\/posts\/3166\/revisions"}],"wp:attachment":[{"href":"https:\/\/meier-gerdingh.de\/wp-spd-ob\/wp-json\/wp\/v2\/media?parent=3166"}],"wp:term":[{"taxonomy":"category","embeddable":true,"href":"https:\/\/meier-gerdingh.de\/wp-spd-ob\/wp-json\/wp\/v2\/categories?post=3166"},{"taxonomy":"post_tag","embeddable":true,"href":"https:\/\/meier-gerdingh.de\/wp-spd-ob\/wp-json\/wp\/v2\/tags?post=3166"},{"taxonomy":"quellen","embeddable":true,"href":"https:\/\/meier-gerdingh.de\/wp-spd-ob\/wp-json\/wp\/v2\/quellen?post=3166"}],"curies":[{"name":"wp","href":"https:\/\/api.w.org\/{rel}","templated":true}]}}